{"id":197909,"date":"2021-08-17T12:55:26","date_gmt":"2021-08-17T10:55:26","guid":{"rendered":"https:\/\/zjarr.tv\/?p=197909"},"modified":"2021-08-17T12:56:15","modified_gmt":"2021-08-17T10:56:15","slug":"artan-shkreli-per-sarajet-zmbrapsje-e-qyteterimit-duhet-ti-themi-stop-talebanizmit-kulturor-e-social","status":"publish","type":"post","link":"https:\/\/zjarr.tv\/sq\/artan-shkreli-per-sarajet-zmbrapsje-e-qyteterimit-duhet-ti-themi-stop-talebanizmit-kulturor-e-social\/","title":{"rendered":"Artan SHKRELI p\u00ebr SARAJET: Zmbrapsje e qytet\u00ebrimit, duhet ti themi \u201cSTOP\u201d talebanizmit kulturor e social"},"content":{"rendered":"<p style=\"background: white; margin: 0in 0in 19.5pt 0in;\">Arkitekti Artan Shkreli, q\u00eb \u00ebsht\u00eb nj\u00eb nga njer\u00ebzit q\u00eb ka k\u00ebrkuar mbrojtjen e Sarajeve t\u00eb Toptan\u00ebve, ka reaguar me nj\u00eb foto t\u00eb montuar lidhur me shkat\u00ebrrimin me zjarr t\u00eb k\u00ebtij objekti mesnat\u00ebn e mbr\u00ebmshme n\u00eb 16 gusht 2021.<\/p>\n<p style=\"background: white; -webkit-tap-highlight-color: transparent !important; box-sizing: border-box; overflow-wrap: break-word; font-variant-ligatures: normal; font-variant-caps: normal; orphans: 2; widows: 2; -webkit-text-stroke-width: 0px; text-decoration-thickness: initial; text-decoration-style: initial; text-decoration-color: initial; word-spacing: 0px; margin: 0in 0in 19.5pt 0in;\">N\u00eb foto ka p\u00ebrzgjedhur sarajat e mbuluara nga nj\u00eb re tymi p\u00ebr shkak t\u00eb zjarrit, dhe n\u00eb an\u00ebn tjet\u00ebr ka zgjedhur foton e nj\u00eb talebani n\u00eb afganistan, me gishtin lart.<\/p>\n<p style=\"background: white; -webkit-tap-highlight-color: transparent !important; box-sizing: border-box; overflow-wrap: break-word; font-variant-ligatures: normal; font-variant-caps: normal; orphans: 2; widows: 2; -webkit-text-stroke-width: 0px; text-decoration-thickness: initial; text-decoration-style: initial; text-decoration-color: initial; word-spacing: 0px; margin: 0in 0in 19.5pt 0in;\">\u201cZmbrapsja e qytet\u00ebrimit shfaqet n\u00eb shum\u00eb forma, shkruan Shkreli n\u00eb rrjetin social Facebook. \u2013 Ndaj k\u00ebrkohet nj\u00eb \u201calt\u201d ndaj \u00e7do forme t\u00eb talebanizmit kulturor e social\u201d.<\/p>\n<p style=\"background: white; -webkit-tap-highlight-color: transparent !important; box-sizing: border-box; overflow-wrap: break-word; font-variant-ligatures: normal; font-variant-caps: normal; orphans: 2; widows: 2; -webkit-text-stroke-width: 0px; text-decoration-thickness: initial; text-decoration-style: initial; text-decoration-color: initial; word-spacing: 0px; margin: 0in 0in 19.5pt 0in;\">Sarajet e Toptan\u00ebve kan\u00eb shkaktuar reagimin e shum\u00eb intelektual\u00ebve, sepse godina \u00ebsht\u00eb monument kulture dhe ka qen\u00eb n\u00eb faz\u00ebn e shpron\u00ebsim\u00ebve p\u00ebr llogari t\u00eb ish pronar\u00ebve. Kryebashkiaku Erion Veliaj ka reaguar q\u00eb her\u00ebt p\u00ebr k\u00ebt\u00eb masak\u00ebr madje ka publikuar edhe nj\u00eb video duke akuzuar p\u00ebr zjarrv\u00ebnie t\u00eb q\u00ebllimshme mbi k\u00ebt\u00eb objekt. Policia \u00ebsht\u00eb duke hetuar p\u00ebr rastin dhe \u00ebsht\u00eb n\u00eb k\u00ebrkim t\u00eb gjetjes s\u00eb autorit t\u00eb k\u00ebsaj ngjarjeje.<\/p>\n","protected":false},"excerpt":{"rendered":"<p>Arkitekti Artan Shkreli, q\u00eb \u00ebsht\u00eb nj\u00eb nga njer\u00ebzit q\u00eb ka k\u00ebrkuar mbrojtjen e Sarajeve t\u00eb Toptan\u00ebve, ka reaguar me nj\u00eb foto t\u00eb montuar lidhur me shkat\u00ebrrimin me zjarr t\u00eb k\u00ebtij objekti mesnat\u00ebn e mbr\u00ebmshme n\u00eb 16 gusht 2021. N\u00eb foto ka p\u00ebrzgjedhur sarajat e mbuluara nga nj\u00eb re tymi p\u00ebr shkak t\u00eb zjarrit, dhe n\u00eb [&hellip;]<\/p>\n","protected":false},"author":2030,"featured_media":197910,"comment_status":"closed","ping_status":"closed","sticky":false,"template":"","format":"standard","meta":{"footnotes":""},"categories":[241,3366],"tags":[],"class_list":{"0":"post-197909","1":"post","2":"type-post","3":"status-publish","4":"format-standard","5":"has-post-thumbnail","7":"category-aktualitet","8":"category-koment"},"_links":{"self":[{"href":"https:\/\/zjarr.tv\/sq\/wp-json\/wp\/v2\/posts\/197909","targetHints":{"allow":["GET"]}}],"collection":[{"href":"https:\/\/zjarr.tv\/sq\/wp-json\/wp\/v2\/posts"}],"about":[{"href":"https:\/\/zjarr.tv\/sq\/wp-json\/wp\/v2\/types\/post"}],"author":[{"embeddable":true,"href":"https:\/\/zjarr.tv\/sq\/wp-json\/wp\/v2\/users\/2030"}],"replies":[{"embeddable":true,"href":"https:\/\/zjarr.tv\/sq\/wp-json\/wp\/v2\/comments?post=197909"}],"version-history":[{"count":0,"href":"https:\/\/zjarr.tv\/sq\/wp-json\/wp\/v2\/posts\/197909\/revisions"}],"wp:featuredmedia":[{"embeddable":true,"href":"https:\/\/zjarr.tv\/sq\/wp-json\/wp\/v2\/media\/197910"}],"wp:attachment":[{"href":"https:\/\/zjarr.tv\/sq\/wp-json\/wp\/v2\/media?parent=197909"}],"wp:term":[{"taxonomy":"category","embeddable":true,"href":"https:\/\/zjarr.tv\/sq\/wp-json\/wp\/v2\/categories?post=197909"},{"taxonomy":"post_tag","embeddable":true,"href":"https:\/\/zjarr.tv\/sq\/wp-json\/wp\/v2\/tags?post=197909"}],"curies":[{"name":"wp","href":"https:\/\/api.w.org\/{rel}","templated":true}]}}