{"id":197915,"date":"2021-08-17T13:01:21","date_gmt":"2021-08-17T11:01:21","guid":{"rendered":"https:\/\/zjarr.tv\/?p=197915"},"modified":"2021-08-17T13:01:21","modified_gmt":"2021-08-17T11:01:21","slug":"angela-merkel-ben-deklaraten-qe-nuk-pritej-per-shba-ne-dhe-afganistanin","status":"publish","type":"post","link":"https:\/\/zjarr.tv\/sq\/angela-merkel-ben-deklaraten-qe-nuk-pritej-per-shba-ne-dhe-afganistanin\/","title":{"rendered":"Angela Merkel b\u00ebn deklarat\u00ebn q\u00eb nuk pritej p\u00ebr SHBA-n\u00eb dhe Afganistanin"},"content":{"rendered":"<p style=\"background: white; margin: 0in 0in 19.5pt 0in;\">Kancelarja gjermane, Angela Merkel, tha sot me kritika t\u00eb forta se operacioni ushtarak n\u00eb Afganistan, i udh\u00ebhequr nga SHBA-ja, ka arritur m\u00eb pak rezultate sesa ishte planifikuar.<\/p>\n<p style=\"background: white; -webkit-tap-highlight-color: transparent !important; box-sizing: border-box; overflow-wrap: break-word; font-variant-ligatures: normal; font-variant-caps: normal; orphans: 2; widows: 2; -webkit-text-stroke-width: 0px; text-decoration-thickness: initial; text-decoration-style: initial; text-decoration-color: initial; word-spacing: 0px; margin: 0in 0in 19.5pt 0in;\"><em style=\"-webkit-tap-highlight-color: transparent !important; box-sizing: border-box;\">\u201cMisioni arriti t\u00eb ndaloj\u00eb Al-Kaid\u00ebn q\u00eb t\u00eb mos p\u00ebrs\u00ebris\u00eb sulmet e saj t\u00eb 11 Shtatorit 2001 n\u00eb Shtetet e Bashkuara, por gjith\u00e7ka tjet\u00ebr q\u00eb ka pasuar nuk ka qen\u00eb aq e suksesshme dhe nuk \u00ebsht\u00eb arritur n\u00eb m\u00ebnyr\u00ebn q\u00eb ne kishim planifikuar\u201d<\/em>, u tha Merkel gazetar\u00ebve, raporton REL.<\/p>\n<p style=\"background: white; -webkit-tap-highlight-color: transparent !important; box-sizing: border-box; overflow-wrap: break-word; font-variant-ligatures: normal; font-variant-caps: normal; orphans: 2; widows: 2; -webkit-text-stroke-width: 0px; text-decoration-thickness: initial; text-decoration-style: initial; text-decoration-color: initial; word-spacing: 0px; margin: 0in 0in 19.5pt 0in;\"><em style=\"-webkit-tap-highlight-color: transparent !important; box-sizing: border-box;\">\u201c\u00cbsht\u00eb e tmerrshme p\u00ebr miliona afgan\u00eb q\u00eb kishin punuar p\u00ebr nj\u00eb shoq\u00ebri m\u00eb t\u00eb lir\u00eb dhe t\u00eb cil\u00ebt, me mb\u00ebshtetjen e komunitetit per\u00ebndimor, jan\u00eb p\u00ebrq\u00ebndruar n\u00eb demokracin\u00eb, n\u00eb arsim, n\u00eb t\u00eb drejtat e grave\u201d,<\/em>\u00a0shtoi ajo.<\/p>\n<p style=\"background: white; -webkit-tap-highlight-color: transparent !important; box-sizing: border-box; overflow-wrap: break-word; font-variant-ligatures: normal; font-variant-caps: normal; orphans: 2; widows: 2; -webkit-text-stroke-width: 0px; text-decoration-thickness: initial; text-decoration-style: initial; text-decoration-color: initial; word-spacing: 0px; margin: 0in 0in 19.5pt 0in;\"><em style=\"-webkit-tap-highlight-color: transparent !important; box-sizing: border-box;\">\u201cM\u00ebsimet duhet t\u00eb nxirren nga operacioni dy-dekad\u00ebsh\u201d<\/em>, tha Merkel, duke shtuar se\u00a0<em style=\"-webkit-tap-highlight-color: transparent !important; box-sizing: border-box;\">\u201cn\u00eb misione t\u00eb tilla mbase duhet vendosur q\u00ebllime m\u00eb t\u00eb vogla\u201d.<\/em><\/p>\n","protected":false},"excerpt":{"rendered":"<p>Kancelarja gjermane, Angela Merkel, tha sot me kritika t\u00eb forta se operacioni ushtarak n\u00eb Afganistan, i udh\u00ebhequr nga SHBA-ja, ka arritur m\u00eb pak rezultate sesa ishte planifikuar. \u201cMisioni arriti t\u00eb ndaloj\u00eb Al-Kaid\u00ebn q\u00eb t\u00eb mos p\u00ebrs\u00ebris\u00eb sulmet e saj t\u00eb 11 Shtatorit 2001 n\u00eb Shtetet e Bashkuara, por gjith\u00e7ka tjet\u00ebr q\u00eb ka pasuar nuk ka [&hellip;]<\/p>\n","protected":false},"author":2030,"featured_media":165707,"comment_status":"closed","ping_status":"closed","sticky":false,"template":"","format":"standard","meta":{"footnotes":""},"categories":[241,191],"tags":[],"class_list":{"0":"post-197915","1":"post","2":"type-post","3":"status-publish","4":"format-standard","5":"has-post-thumbnail","7":"category-aktualitet","8":"category-bota"},"_links":{"self":[{"href":"https:\/\/zjarr.tv\/sq\/wp-json\/wp\/v2\/posts\/197915","targetHints":{"allow":["GET"]}}],"collection":[{"href":"https:\/\/zjarr.tv\/sq\/wp-json\/wp\/v2\/posts"}],"about":[{"href":"https:\/\/zjarr.tv\/sq\/wp-json\/wp\/v2\/types\/post"}],"author":[{"embeddable":true,"href":"https:\/\/zjarr.tv\/sq\/wp-json\/wp\/v2\/users\/2030"}],"replies":[{"embeddable":true,"href":"https:\/\/zjarr.tv\/sq\/wp-json\/wp\/v2\/comments?post=197915"}],"version-history":[{"count":0,"href":"https:\/\/zjarr.tv\/sq\/wp-json\/wp\/v2\/posts\/197915\/revisions"}],"wp:featuredmedia":[{"embeddable":true,"href":"https:\/\/zjarr.tv\/sq\/wp-json\/wp\/v2\/media\/165707"}],"wp:attachment":[{"href":"https:\/\/zjarr.tv\/sq\/wp-json\/wp\/v2\/media?parent=197915"}],"wp:term":[{"taxonomy":"category","embeddable":true,"href":"https:\/\/zjarr.tv\/sq\/wp-json\/wp\/v2\/categories?post=197915"},{"taxonomy":"post_tag","embeddable":true,"href":"https:\/\/zjarr.tv\/sq\/wp-json\/wp\/v2\/tags?post=197915"}],"curies":[{"name":"wp","href":"https:\/\/api.w.org\/{rel}","templated":true}]}}