{"id":198521,"date":"2021-08-21T09:18:40","date_gmt":"2021-08-21T07:18:40","guid":{"rendered":"https:\/\/zjarr.tv\/?p=198521"},"modified":"2021-08-21T09:18:40","modified_gmt":"2021-08-21T07:18:40","slug":"flet-ilir-demalia-reforma-ne-drejtesi-ka-deshtuar-e-di-edhe-yuri-kim-shqiptaret-duhet-ta-bejne-vete-drejtesine-kush-do-ta-beje-drejtesine-arben-kraja-njeriu-i-korruptuar-ky-duhet-hetuar-vete-ng","status":"publish","type":"post","link":"https:\/\/zjarr.tv\/sq\/flet-ilir-demalia-reforma-ne-drejtesi-ka-deshtuar-e-di-edhe-yuri-kim-shqiptaret-duhet-ta-bejne-vete-drejtesine-kush-do-ta-beje-drejtesine-arben-kraja-njeriu-i-korruptuar-ky-duhet-hetuar-vete-ng\/","title":{"rendered":"Flet Ilir Demalia: Reforma n\u00eb drejt\u00ebsi ka d\u00ebshtuar, e di edhe Yuri Kim, shqiptar\u00ebt duhet ta b\u00ebjn\u00eb vet\u00eb drejt\u00ebsin\u00eb\/ Kush do ta b\u00ebj\u00eb drejt\u00ebsin\u00eb, Arben Kraja? Njeriu i korruptuar, ky duhet hetuar vet\u00eb nga SPAK-u, do t\u00eb b\u00ebj\u00eb drejt\u00ebsin\u00eb ai!"},"content":{"rendered":"<p>Deklaratat e analistit Ilir Demalia, gjat\u00eb intervist\u00ebs n\u00eb Rtv Ora:<\/p>\n<p>&#8220;Reforma n\u00eb drejt\u00ebsi \u00ebsht\u00eb e d\u00ebshtuar, e di edhe ambasadorja Kim, e din\u00eb dhe amerikan\u00ebt, por mundohen q\u00eb t\u00eb b\u00ebhet \u00e7far\u00eb t\u00eb b\u00ebhet. Nuk ka as peshq t\u00eb m\u00ebdhenj, asgj\u00eb. Ashtu do t\u00eb shkoj\u00eb. Reform\u00ebn n\u00eb drejt\u00ebsi duhet ta b\u00ebjn\u00eb shqiptar\u00ebt vet\u00eb, me k\u00eb do ta b\u00ebjn\u00eb?<\/p>\n<p>Ose e kam th\u00ebn\u00eb dhe p\u00ebrpara dhe e p\u00ebrs\u00ebris seriozisht, Amerika t\u00eb sjell\u00eb nj\u00eb administrat\u00eb, t\u00eb vendos\u00eb Guvernatore Ambasadoren dhe ndoshta mund t\u00eb krijohet nj\u00eb kultur\u00eb sa t\u00eb krijohet kultura e shtetit dhe funksionimit t\u00eb institucioneve.<\/p>\n<p>Shqiptar\u00ebt nuk jan\u00eb n\u00eb gjendje ta b\u00ebjn\u00eb, ka mbaruar kjo pun\u00eb. Kush do ta b\u00ebj\u00eb drejt\u00ebsin\u00eb, Arben Kraja? Njeriu i korruptuar me pasuri nga Shkodra deri n\u00eb Tiran\u00eb dhe Gjirin e Lal\u00ebzit. Arben Kraja duhet hetuar vet\u00eb nga SPAK-u, do t\u00eb b\u00ebj\u00eb drejt\u00ebsin\u00eb ai&#8221;!<\/p>\n","protected":false},"excerpt":{"rendered":"<p>Deklaratat e analistit Ilir Demalia, gjat\u00eb intervist\u00ebs n\u00eb Rtv Ora: &#8220;Reforma n\u00eb drejt\u00ebsi \u00ebsht\u00eb e d\u00ebshtuar, e di edhe ambasadorja Kim, e din\u00eb dhe amerikan\u00ebt, por mundohen q\u00eb t\u00eb b\u00ebhet \u00e7far\u00eb t\u00eb b\u00ebhet. Nuk ka as peshq t\u00eb m\u00ebdhenj, asgj\u00eb. Ashtu do t\u00eb shkoj\u00eb. Reform\u00ebn n\u00eb drejt\u00ebsi duhet ta b\u00ebjn\u00eb shqiptar\u00ebt vet\u00eb, me k\u00eb do [&hellip;]<\/p>\n","protected":false},"author":2016,"featured_media":198523,"comment_status":"closed","ping_status":"closed","sticky":false,"template":"","format":"standard","meta":{"footnotes":""},"categories":[241,3366],"tags":[1904],"class_list":{"0":"post-198521","1":"post","2":"type-post","3":"status-publish","4":"format-standard","5":"has-post-thumbnail","7":"category-aktualitet","8":"category-koment","9":"tag-lajme-zjarr-flet-ilir-demalia-zjarr-tv"},"_links":{"self":[{"href":"https:\/\/zjarr.tv\/sq\/wp-json\/wp\/v2\/posts\/198521","targetHints":{"allow":["GET"]}}],"collection":[{"href":"https:\/\/zjarr.tv\/sq\/wp-json\/wp\/v2\/posts"}],"about":[{"href":"https:\/\/zjarr.tv\/sq\/wp-json\/wp\/v2\/types\/post"}],"author":[{"embeddable":true,"href":"https:\/\/zjarr.tv\/sq\/wp-json\/wp\/v2\/users\/2016"}],"replies":[{"embeddable":true,"href":"https:\/\/zjarr.tv\/sq\/wp-json\/wp\/v2\/comments?post=198521"}],"version-history":[{"count":0,"href":"https:\/\/zjarr.tv\/sq\/wp-json\/wp\/v2\/posts\/198521\/revisions"}],"wp:featuredmedia":[{"embeddable":true,"href":"https:\/\/zjarr.tv\/sq\/wp-json\/wp\/v2\/media\/198523"}],"wp:attachment":[{"href":"https:\/\/zjarr.tv\/sq\/wp-json\/wp\/v2\/media?parent=198521"}],"wp:term":[{"taxonomy":"category","embeddable":true,"href":"https:\/\/zjarr.tv\/sq\/wp-json\/wp\/v2\/categories?post=198521"},{"taxonomy":"post_tag","embeddable":true,"href":"https:\/\/zjarr.tv\/sq\/wp-json\/wp\/v2\/tags?post=198521"}],"curies":[{"name":"wp","href":"https:\/\/api.w.org\/{rel}","templated":true}]}}