{"id":198584,"date":"2021-08-21T13:17:13","date_gmt":"2021-08-21T11:17:13","guid":{"rendered":"https:\/\/zjarr.tv\/?p=198584"},"modified":"2021-08-21T13:17:13","modified_gmt":"2021-08-21T11:17:13","slug":"me-nje-plumb-ne-koke-dhe-dy-ne-trup-video-kjo-eshte-makina-ku-u-gjet-i-vrare-25-vjecari-ne-vlore-pronare-rezulton-se-eshte-nje-grua","status":"publish","type":"post","link":"https:\/\/zjarr.tv\/sq\/me-nje-plumb-ne-koke-dhe-dy-ne-trup-video-kjo-eshte-makina-ku-u-gjet-i-vrare-25-vjecari-ne-vlore-pronare-rezulton-se-eshte-nje-grua\/","title":{"rendered":"Me nj\u00eb plumb n\u00eb kok\u00eb dhe dy n\u00eb trup, VIDEO: Kjo \u00ebsht\u00eb makina ku u gjet i vrar\u00eb 25 vje\u00e7ari n\u00eb Vlor\u00eb, pronare rezulton se \u00ebsht\u00eb nj\u00eb grua"},"content":{"rendered":"<p style=\"background: white; margin: 0in 0in 19.5pt 0in;\">Nj\u00eb djal\u00eb 25 vje\u00e7 \u00ebsht\u00eb gjetur i vdekur m\u00ebngjesin e sot\u00ebm n\u00eb Babic\u00eb t\u00eb Vlor\u00ebs. Ai nuk \u00ebsht\u00eb identifikuar ende pasi nuk kishte mjete identifikimi me vete, dhe po ashtu n\u00eb morgun e Vlor\u00ebs nuk \u00ebsht\u00eb paraqitur asnj\u00eb familjar.<\/p>\n<p style=\"background: white; -webkit-tap-highlight-color: transparent !important; box-sizing: border-box; overflow-wrap: break-word; font-variant-ligatures: normal; font-variant-caps: normal; orphans: 2; widows: 2; -webkit-text-stroke-width: 0px; text-decoration-thickness: initial; text-decoration-style: initial; text-decoration-color: initial; word-spacing: 0px; margin: 0in 0in 19.5pt 0in;\">Megjithat\u00eb, grupi i hetimit vijon pun\u00ebn p\u00ebr zbardhjen e plot\u00eb t\u00eb ngjarjes dhe identitetit t\u00eb t\u00eb riut.<\/p>\n<p style=\"background: white; -webkit-tap-highlight-color: transparent !important; box-sizing: border-box; overflow-wrap: break-word; font-variant-ligatures: normal; font-variant-caps: normal; orphans: 2; widows: 2; -webkit-text-stroke-width: 0px; text-decoration-thickness: initial; text-decoration-style: initial; text-decoration-color: initial; word-spacing: 0px; margin: 0in 0in 19.5pt 0in;\">Si\u00e7 shihet nga pamjet e m\u00ebposhtme,\u00a0Poliicia ka b\u00ebr\u00eb t\u00eb mundur largimin e mjetit \u201cFiat Punto\u201d ku 25 vje\u00e7ari u gjet i vrar\u00eb. Kan\u00eb qen\u00eb banor\u00ebt e zon\u00ebs ata q\u00eb kan\u00eb par\u00eb mjetin dhe m\u00eb pas trupin e\u00a0 pajet\u00eb t\u00eb t\u00eb riut, dhe kan\u00eb njoftuar uniformat blu.<\/p>\n<p style=\"background: white; -webkit-tap-highlight-color: transparent !important; box-sizing: border-box; overflow-wrap: break-word; font-variant-ligatures: normal; font-variant-caps: normal; orphans: 2; widows: 2; -webkit-text-stroke-width: 0px; text-decoration-thickness: initial; text-decoration-style: initial; text-decoration-color: initial; word-spacing: 0px; margin: 0in 0in 19.5pt 0in;\">Nga kqyrja paraprake e trupit t\u00eb tij, \u00ebsht\u00eb konstatuar nj\u00eb goditje me plumb n\u00eb kok\u00eb dhe dy t\u00eb tjera n\u00eb trup, shkruan newsbomb.al. Xhami i par\u00eb n\u00eb an\u00ebn e majt\u00eb t\u00eb mjetit ka qen\u00eb i ulur dhe viktima ka qen\u00eb n\u00eb vendin e shoferit.<\/p>\n<p style=\"background: white; -webkit-tap-highlight-color: transparent !important; box-sizing: border-box; overflow-wrap: break-word; font-variant-ligatures: normal; font-variant-caps: normal; orphans: 2; widows: 2; -webkit-text-stroke-width: 0px; text-decoration-thickness: initial; text-decoration-style: initial; text-decoration-color: initial; word-spacing: 0px; margin: 0in 0in 19.5pt 0in;\">M\u00ebsohet se i riu q\u00eb \u00ebhst\u00eb gjetur sot i vdekur nuk \u00ebsht\u00eb pronari i jetit Fiat Punto me targa TR 3437 R. Ky mjet i p\u00ebrket nj\u00eb gruaje, e cila tashm\u00eb \u00ebsht\u00eb identifikuar nga Policia dhe do t\u00eb merret n\u00eb pyetje, n\u00ebse ka dijeni p\u00ebr viktim\u00ebn dhe shkaqet q\u00eb kan\u00eb \u00e7uar n\u00eb ekzekutimin e tij.<\/p>\n<div style=\"width: 576px;\" class=\"wp-video\"><video class=\"wp-video-shortcode\" id=\"video-198584-1\" width=\"576\" height=\"320\" preload=\"metadata\" controls=\"controls\"><source type=\"video\/mp4\" src=\"https:\/\/zjarr.tv\/wp-content\/uploads\/2021\/08\/video-1629544355.mp4?_=1\" \/><a href=\"https:\/\/zjarr.tv\/wp-content\/uploads\/2021\/08\/video-1629544355.mp4\">https:\/\/zjarr.tv\/wp-content\/uploads\/2021\/08\/video-1629544355.mp4<\/a><\/video><\/div>\n","protected":false},"excerpt":{"rendered":"<p>Nj\u00eb djal\u00eb 25 vje\u00e7 \u00ebsht\u00eb gjetur i vdekur m\u00ebngjesin e sot\u00ebm n\u00eb Babic\u00eb t\u00eb Vlor\u00ebs. Ai nuk \u00ebsht\u00eb identifikuar ende pasi nuk kishte mjete identifikimi me vete, dhe po ashtu n\u00eb morgun e Vlor\u00ebs nuk \u00ebsht\u00eb paraqitur asnj\u00eb familjar. Megjithat\u00eb, grupi i hetimit vijon pun\u00ebn p\u00ebr zbardhjen e plot\u00eb t\u00eb ngjarjes dhe identitetit t\u00eb t\u00eb [&hellip;]<\/p>\n","protected":false},"author":2030,"featured_media":198587,"comment_status":"closed","ping_status":"closed","sticky":false,"template":"","format":"standard","meta":{"footnotes":""},"categories":[241],"tags":[],"class_list":{"0":"post-198584","1":"post","2":"type-post","3":"status-publish","4":"format-standard","5":"has-post-thumbnail","7":"category-aktualitet"},"_links":{"self":[{"href":"https:\/\/zjarr.tv\/sq\/wp-json\/wp\/v2\/posts\/198584","targetHints":{"allow":["GET"]}}],"collection":[{"href":"https:\/\/zjarr.tv\/sq\/wp-json\/wp\/v2\/posts"}],"about":[{"href":"https:\/\/zjarr.tv\/sq\/wp-json\/wp\/v2\/types\/post"}],"author":[{"embeddable":true,"href":"https:\/\/zjarr.tv\/sq\/wp-json\/wp\/v2\/users\/2030"}],"replies":[{"embeddable":true,"href":"https:\/\/zjarr.tv\/sq\/wp-json\/wp\/v2\/comments?post=198584"}],"version-history":[{"count":0,"href":"https:\/\/zjarr.tv\/sq\/wp-json\/wp\/v2\/posts\/198584\/revisions"}],"wp:featuredmedia":[{"embeddable":true,"href":"https:\/\/zjarr.tv\/sq\/wp-json\/wp\/v2\/media\/198587"}],"wp:attachment":[{"href":"https:\/\/zjarr.tv\/sq\/wp-json\/wp\/v2\/media?parent=198584"}],"wp:term":[{"taxonomy":"category","embeddable":true,"href":"https:\/\/zjarr.tv\/sq\/wp-json\/wp\/v2\/categories?post=198584"},{"taxonomy":"post_tag","embeddable":true,"href":"https:\/\/zjarr.tv\/sq\/wp-json\/wp\/v2\/tags?post=198584"}],"curies":[{"name":"wp","href":"https:\/\/api.w.org\/{rel}","templated":true}]}}