{"id":198593,"date":"2021-08-21T13:59:46","date_gmt":"2021-08-21T11:59:46","guid":{"rendered":"https:\/\/zjarr.tv\/?p=198593"},"modified":"2021-08-21T13:59:46","modified_gmt":"2021-08-21T11:59:46","slug":"do-te-kete-rritje-te-biletes-shoqata-e-transportit-urban-dhe-interurban-kerkese-ministrise-plotesoni-kerkesat-tona-njehere","status":"publish","type":"post","link":"https:\/\/zjarr.tv\/sq\/do-te-kete-rritje-te-biletes-shoqata-e-transportit-urban-dhe-interurban-kerkese-ministrise-plotesoni-kerkesat-tona-njehere\/","title":{"rendered":"Do t\u00eb ket\u00eb rritje t\u00eb bilet\u00ebs? Shoqata e Transportit Urban dhe Interurban k\u00ebrkes\u00eb ministris\u00eb: Plot\u00ebsoni k\u00ebrkesat tona nj\u00ebher\u00eb\u2026"},"content":{"rendered":"<p>Shoqata e Transportit Urban dhe Interurban, p\u00ebrmes nj\u00eb shkrese zyrtare drejtuar Ministris\u00eb s\u00eb Infrastruktur\u00ebs dhe Ministris\u00eb s\u00eb Financave, k\u00ebrkon shtyrjen e procesit t\u00eb fiskalizimit n\u00eb k\u00ebt\u00eb sektor.<\/p>\n<p>N\u00eb k\u00ebrkes\u00ebn e b\u00ebr\u00eb nga Shoqata, theksohet se sektori i Transportit Publik, nuk \u00ebsht\u00eb gati p\u00ebr kryerjen e fiskalizimit, pasi asnj\u00eb prej k\u00ebrkesave t\u00eb tyre nuk u plot\u00ebsua.<\/p>\n<p>Sipas tyre, duhet t\u00eb plot\u00ebsohen nj\u00ebher\u00eb k\u00ebrkesat e tyre, si ulja e tatimit mbi fitimin nga 15% n\u00eb 5%, heqja e akciz\u00ebs p\u00ebr karburantin, ulja e TVSh-s\u00eb nga 20% n\u00eb 6%, si dhe rimbursimi i biletave p\u00ebr personat q\u00eb marrin sh\u00ebrbim falas dhe m\u00eb pas t\u00eb ndodh\u00eb fiskalizimi n\u00eb k\u00ebt\u00eb sektor.<\/p>\n","protected":false},"excerpt":{"rendered":"<p>Shoqata e Transportit Urban dhe Interurban, p\u00ebrmes nj\u00eb shkrese zyrtare drejtuar Ministris\u00eb s\u00eb Infrastruktur\u00ebs dhe Ministris\u00eb s\u00eb Financave, k\u00ebrkon shtyrjen e procesit t\u00eb fiskalizimit n\u00eb k\u00ebt\u00eb sektor. N\u00eb k\u00ebrkes\u00ebn e b\u00ebr\u00eb nga Shoqata, theksohet se sektori i Transportit Publik, nuk \u00ebsht\u00eb gati p\u00ebr kryerjen e fiskalizimit, pasi asnj\u00eb prej k\u00ebrkesave t\u00eb tyre nuk u plot\u00ebsua. [&hellip;]<\/p>\n","protected":false},"author":2016,"featured_media":198596,"comment_status":"closed","ping_status":"closed","sticky":false,"template":"","format":"standard","meta":{"footnotes":""},"categories":[241],"tags":[4718],"class_list":{"0":"post-198593","1":"post","2":"type-post","3":"status-publish","4":"format-standard","5":"has-post-thumbnail","7":"category-aktualitet","8":"tag-lajme-zjarr-do-te-kete-rritje-te-biletes-zjarr-tv"},"_links":{"self":[{"href":"https:\/\/zjarr.tv\/sq\/wp-json\/wp\/v2\/posts\/198593","targetHints":{"allow":["GET"]}}],"collection":[{"href":"https:\/\/zjarr.tv\/sq\/wp-json\/wp\/v2\/posts"}],"about":[{"href":"https:\/\/zjarr.tv\/sq\/wp-json\/wp\/v2\/types\/post"}],"author":[{"embeddable":true,"href":"https:\/\/zjarr.tv\/sq\/wp-json\/wp\/v2\/users\/2016"}],"replies":[{"embeddable":true,"href":"https:\/\/zjarr.tv\/sq\/wp-json\/wp\/v2\/comments?post=198593"}],"version-history":[{"count":0,"href":"https:\/\/zjarr.tv\/sq\/wp-json\/wp\/v2\/posts\/198593\/revisions"}],"wp:featuredmedia":[{"embeddable":true,"href":"https:\/\/zjarr.tv\/sq\/wp-json\/wp\/v2\/media\/198596"}],"wp:attachment":[{"href":"https:\/\/zjarr.tv\/sq\/wp-json\/wp\/v2\/media?parent=198593"}],"wp:term":[{"taxonomy":"category","embeddable":true,"href":"https:\/\/zjarr.tv\/sq\/wp-json\/wp\/v2\/categories?post=198593"},{"taxonomy":"post_tag","embeddable":true,"href":"https:\/\/zjarr.tv\/sq\/wp-json\/wp\/v2\/tags?post=198593"}],"curies":[{"name":"wp","href":"https:\/\/api.w.org\/{rel}","templated":true}]}}