{"id":198624,"date":"2021-08-21T16:11:17","date_gmt":"2021-08-21T14:11:17","guid":{"rendered":"https:\/\/zjarr.tv\/?p=198624"},"modified":"2021-08-21T16:11:17","modified_gmt":"2021-08-21T14:11:17","slug":"pelegrinazhi-ne-malin-e-tomorrit-pavaresisht-pandemise-se-covid-19-besimtare-te-shumte-ndjekin-ritualin-e-pervitshem-ne-vendin-e-shenjte","status":"publish","type":"post","link":"https:\/\/zjarr.tv\/sq\/pelegrinazhi-ne-malin-e-tomorrit-pavaresisht-pandemise-se-covid-19-besimtare-te-shumte-ndjekin-ritualin-e-pervitshem-ne-vendin-e-shenjte\/","title":{"rendered":"Pelegrinazhi n\u00eb Malin e Tomorrit, pavar\u00ebsisht pandemis\u00eb s\u00eb Covid-19, besimtar\u00eb t\u00eb shumt\u00eb ndjekin ritualin e p\u00ebrvitsh\u00ebm n\u00eb vendin e shenjt\u00eb"},"content":{"rendered":"<p>\u00c7do vit, nga data 20 deri n\u00eb dat\u00ebn 25 gusht, Mali i Tomorrit shnd\u00ebrrohet n\u00eb vendin shpirt\u00ebror p\u00ebr mij\u00ebra pelegrin\u00eb, q\u00eb adhurojn\u00eb shenjtin e tyre Abaz Ali. Edhe k\u00ebt\u00eb vit, edhe pse jemi n\u00eb koh\u00eb pandemie, besimtar\u00ebt bektashian dhe jo vet\u00ebm nuk e kan\u00eb harruar pelegrinazhin e shenjt\u00eb n\u00eb Malin e Tomorrit.<\/p>\n<p>T\u00eb pa frik\u00ebsuar nga virusi Covid-19 dhe me besimin n\u00eb Zot, pelegrin\u00ebt jan\u00eb ngjitur si \u00e7do vit n\u00eb Malin e Tomorrit p\u00ebr t\u00eb ndjekur ritualet e shenjta dhe p\u00ebr t\u00eb vizituar objektet e rralla t\u00eb kultit, Tyrben dhe Teqen\u00eb q\u00eb ndodhen n\u00eb majat m\u00eb t\u00eb larta shk\u00ebmbore t\u00eb Shqip\u00ebris\u00eb.<\/p>\n<p>Sipas tradit\u00ebs, pelegrin\u00ebt mb\u00ebrrijn\u00eb n\u00eb pik\u00ebn m\u00eb t\u00eb lart\u00eb t\u00eb malit Tomorr, ku n\u00eb nj\u00eb teqe t\u00eb vog\u00ebl prehet shenjti Abaz Ali, v\u00ebllai i gjetur i profetit Muhamed. Me mb\u00ebrritjen e tyre n\u00eb mal, pelegrin\u00ebt ngren\u00eb \u00e7adrat n\u00eb k\u00ebt\u00eb vend t\u00eb shenjt\u00eb duke kryer jo vet\u00ebm kurbanin e fest\u00ebs, por duke ngjitur me k\u00ebmb\u00eb edhe maj\u00ebn e Malit t\u00eb Tomorrit, i cili ndodhet 2416 metra mbi nivelin e detit.<\/p>\n","protected":false},"excerpt":{"rendered":"<p>\u00c7do vit, nga data 20 deri n\u00eb dat\u00ebn 25 gusht, Mali i Tomorrit shnd\u00ebrrohet n\u00eb vendin shpirt\u00ebror p\u00ebr mij\u00ebra pelegrin\u00eb, q\u00eb adhurojn\u00eb shenjtin e tyre Abaz Ali. Edhe k\u00ebt\u00eb vit, edhe pse jemi n\u00eb koh\u00eb pandemie, besimtar\u00ebt bektashian dhe jo vet\u00ebm nuk e kan\u00eb harruar pelegrinazhin e shenjt\u00eb n\u00eb Malin e Tomorrit. T\u00eb pa frik\u00ebsuar [&hellip;]<\/p>\n","protected":false},"author":2030,"featured_media":198625,"comment_status":"closed","ping_status":"closed","sticky":false,"template":"","format":"standard","meta":{"footnotes":""},"categories":[241],"tags":[],"class_list":{"0":"post-198624","1":"post","2":"type-post","3":"status-publish","4":"format-standard","5":"has-post-thumbnail","7":"category-aktualitet"},"_links":{"self":[{"href":"https:\/\/zjarr.tv\/sq\/wp-json\/wp\/v2\/posts\/198624","targetHints":{"allow":["GET"]}}],"collection":[{"href":"https:\/\/zjarr.tv\/sq\/wp-json\/wp\/v2\/posts"}],"about":[{"href":"https:\/\/zjarr.tv\/sq\/wp-json\/wp\/v2\/types\/post"}],"author":[{"embeddable":true,"href":"https:\/\/zjarr.tv\/sq\/wp-json\/wp\/v2\/users\/2030"}],"replies":[{"embeddable":true,"href":"https:\/\/zjarr.tv\/sq\/wp-json\/wp\/v2\/comments?post=198624"}],"version-history":[{"count":0,"href":"https:\/\/zjarr.tv\/sq\/wp-json\/wp\/v2\/posts\/198624\/revisions"}],"wp:featuredmedia":[{"embeddable":true,"href":"https:\/\/zjarr.tv\/sq\/wp-json\/wp\/v2\/media\/198625"}],"wp:attachment":[{"href":"https:\/\/zjarr.tv\/sq\/wp-json\/wp\/v2\/media?parent=198624"}],"wp:term":[{"taxonomy":"category","embeddable":true,"href":"https:\/\/zjarr.tv\/sq\/wp-json\/wp\/v2\/categories?post=198624"},{"taxonomy":"post_tag","embeddable":true,"href":"https:\/\/zjarr.tv\/sq\/wp-json\/wp\/v2\/tags?post=198624"}],"curies":[{"name":"wp","href":"https:\/\/api.w.org\/{rel}","templated":true}]}}