{"id":198652,"date":"2021-08-21T19:12:15","date_gmt":"2021-08-21T17:12:15","guid":{"rendered":"https:\/\/zjarr.tv\/?p=198652"},"modified":"2021-08-21T19:12:15","modified_gmt":"2021-08-21T17:12:15","slug":"situata-ne-afganistan-deputetja-afgane-flet-per-dy-skenare-nese-na-vendosin-kufizime-ekstreme-do-te-rezistojme-ky-eshte-skenari-qe-do-te-pranojme","status":"publish","type":"post","link":"https:\/\/zjarr.tv\/sq\/situata-ne-afganistan-deputetja-afgane-flet-per-dy-skenare-nese-na-vendosin-kufizime-ekstreme-do-te-rezistojme-ky-eshte-skenari-qe-do-te-pranojme\/","title":{"rendered":"Situata n\u00eb Afganistan\/ Deputetja afgane flet p\u00ebr dy skenar\u00eb: N\u00ebse na vendosin kufizime ekstreme do t\u00eb rezistojm\u00eb, ky \u00ebsht\u00eb skenari q\u00eb do t\u00eb pranojm\u00eb"},"content":{"rendered":"<p>Farzana Kochai, nj\u00eb deputete afgane ka folur p\u00ebr Reuters ku ka treguar dy skenar\u00ebt q\u00eb priten n\u00eb Afganistan.<\/p>\n<p>I pari \u00ebsht\u00eb ai q\u00eb lejon grat\u00eb t\u00eb punojn\u00eb dhe t\u00eb shkojn\u00eb n\u00eb shkolla, por me disa kufizime t\u00eb vog\u00ebla, t\u00eb cilin ata jan\u00eb t\u00eb gatsh\u00ebm ta pranojn\u00eb.<\/p>\n<p>Mir\u00ebpo i dyti, i cili parashikon kufizime ekstrem si moslejimi i vazhdimit t\u00eb shkoll\u00ebs p\u00ebrtej nj\u00eb moshe t\u00eb caktuar apo ndalimi i grave t\u00eb mosh\u00ebs s\u00eb mesme p\u00ebr t\u00eb punuar, nuk \u00ebsht\u00eb i pranuesh\u00ebm p\u00ebr ta dhe do t\u00eb ket\u00eb rezistenc\u00eb.<\/p>\n<p><em>\u201cSi nj\u00eb deputete, si nj\u00eb fem\u00ebr dhe si dikush q\u00eb vjen nga aktivizmi i shoqeris\u00eb civile dhe t\u00eb drejtave njer\u00ebzore, t\u00eb drejtave t\u00eb grave. Fakti q\u00eb vij nga ky formim kulturor, sigurisht q\u00eb kam frik\u00eb p\u00ebr veten , jet\u00ebn time dhe lirin\u00eb p\u00ebr t\u00eb punuar dhe p\u00ebr t\u00eb shprehur mendimin tim lirsh\u00ebm. N\u00ebse do t\u00eb na lejojn\u00eb t\u2019i b\u00ebjm\u00eb k\u00ebto gj\u00ebra, pra mos t\u00eb na pengojn\u00eb t\u00eb shkojm\u00eb n\u00eb shkolla, universitete dhe t\u00eb gjejm\u00eb nj\u00eb vend pune, por t\u00eb na vendosin vet\u00ebm disa kufizime \u00ebsht\u00eb gj\u00eb e mir\u00eb.<\/em><\/p>\n<p><em>Nd\u00ebrsa skenari i dyt\u00eb \u00ebsht\u00eb ai q\u00eb i heq grat\u00eb e moshave t\u00eb mesme t\u00ebr\u00ebsisht nga shoqeria, duke i l\u00ebn\u00eb n\u00eb sht\u00ebpi dhe duke i th\u00ebn\u00eb kjo mjafton p\u00ebr ju. Ose n\u00ebse thon\u00eb do t\u00eb shkosh n\u00eb shkoll\u00eb deri n\u00eb k\u00ebt\u00eb klas\u00eb ose n\u00eb k\u00ebt\u00eb mosh\u00eb. Ky \u00ebsht\u00eb skenari q\u00eb grat\u00eb n\u00eb Afganistan nuk e tolerojn\u00eb. Nuk mund t\u00eb b\u00ebjm\u00eb nj\u00eb marr\u00ebveshje t\u00eb mir\u00eb me Taliban\u00ebt n\u00eb k\u00ebt\u00eb m\u00ebnyr\u00eb. N\u00ebse Taliban\u00ebt nuk ja dalin t\u00eb k\u00ebnaqin popullin e Afganistanit paksa, at\u00ebher\u00eb do t\u00eb kemi rezistenc\u00eb. \u00cbsht\u00eb e v\u00ebshtir\u00eb t\u00eb rritesh me flamurin e vendit t\u00ebnd, me t\u00eb gjitha vlerat ku ti beson, dhe nj\u00eb dit\u00eb shfaqet dikush q\u00eb do t\u00eb t\u2019i marr\u00eb\u201d<\/em>, tha ajo.<\/p>\n<p>Disa dit\u00eb m\u00eb par\u00eb Taliban\u00ebt mor\u00ebn Kabulin m\u00eb shpejt sesa ishte parashikuar, pasi kishin arritur m\u00eb par\u00eb nj\u00eb marr\u00ebveshje me SHBA-t\u00eb p\u00ebr t\u00ebrheqjen e trupave amerikane nga Afganistani dhe lejimin e tyre s\u00eb bashku me bashk\u00ebpun\u00ebtor\u00ebt t\u00eb largohen. Marrja kaq shpejt n\u00eb dor\u00eb e vendit ka sjell\u00eb n\u00ebj\u00eb kriz\u00eb n\u00eb aeroportin e Kabulit, ku shum\u00eb njer\u00ebz t\u00eb frik\u00ebsuar tentojn\u00eb t\u00eb largohen. Taliban\u00ebt kan\u00eb premtuar se nuk do t\u00eb sillen si n\u00eb koh\u00ebn para se t\u00eb nd\u00ebrhynte SHBA-ja, kur kishte shum\u00eb kufizime ekstreme.<\/p>\n","protected":false},"excerpt":{"rendered":"<p>Farzana Kochai, nj\u00eb deputete afgane ka folur p\u00ebr Reuters ku ka treguar dy skenar\u00ebt q\u00eb priten n\u00eb Afganistan. I pari \u00ebsht\u00eb ai q\u00eb lejon grat\u00eb t\u00eb punojn\u00eb dhe t\u00eb shkojn\u00eb n\u00eb shkolla, por me disa kufizime t\u00eb vog\u00ebla, t\u00eb cilin ata jan\u00eb t\u00eb gatsh\u00ebm ta pranojn\u00eb. Mir\u00ebpo i dyti, i cili parashikon kufizime ekstrem si [&hellip;]<\/p>\n","protected":false},"author":2030,"featured_media":198653,"comment_status":"closed","ping_status":"closed","sticky":false,"template":"","format":"standard","meta":{"footnotes":""},"categories":[241,191],"tags":[],"class_list":{"0":"post-198652","1":"post","2":"type-post","3":"status-publish","4":"format-standard","5":"has-post-thumbnail","7":"category-aktualitet","8":"category-bota"},"_links":{"self":[{"href":"https:\/\/zjarr.tv\/sq\/wp-json\/wp\/v2\/posts\/198652","targetHints":{"allow":["GET"]}}],"collection":[{"href":"https:\/\/zjarr.tv\/sq\/wp-json\/wp\/v2\/posts"}],"about":[{"href":"https:\/\/zjarr.tv\/sq\/wp-json\/wp\/v2\/types\/post"}],"author":[{"embeddable":true,"href":"https:\/\/zjarr.tv\/sq\/wp-json\/wp\/v2\/users\/2030"}],"replies":[{"embeddable":true,"href":"https:\/\/zjarr.tv\/sq\/wp-json\/wp\/v2\/comments?post=198652"}],"version-history":[{"count":0,"href":"https:\/\/zjarr.tv\/sq\/wp-json\/wp\/v2\/posts\/198652\/revisions"}],"wp:featuredmedia":[{"embeddable":true,"href":"https:\/\/zjarr.tv\/sq\/wp-json\/wp\/v2\/media\/198653"}],"wp:attachment":[{"href":"https:\/\/zjarr.tv\/sq\/wp-json\/wp\/v2\/media?parent=198652"}],"wp:term":[{"taxonomy":"category","embeddable":true,"href":"https:\/\/zjarr.tv\/sq\/wp-json\/wp\/v2\/categories?post=198652"},{"taxonomy":"post_tag","embeddable":true,"href":"https:\/\/zjarr.tv\/sq\/wp-json\/wp\/v2\/tags?post=198652"}],"curies":[{"name":"wp","href":"https:\/\/api.w.org\/{rel}","templated":true}]}}