{"id":199578,"date":"2021-08-27T20:59:50","date_gmt":"2021-08-27T18:59:50","guid":{"rendered":"https:\/\/zjarr.tv\/?p=199578"},"modified":"2021-08-27T20:59:50","modified_gmt":"2021-08-27T18:59:50","slug":"basha-platforma-per-demokracine-do-te-beje-bashke-te-gjitha-forcat-e-gjalla-te-shoqerise-per-te-shpetuar-vendin-nga-sundimi-i-nje-pakice-qe-mban-peng-te-ardhmen-e-tij","status":"publish","type":"post","link":"https:\/\/zjarr.tv\/sq\/basha-platforma-per-demokracine-do-te-beje-bashke-te-gjitha-forcat-e-gjalla-te-shoqerise-per-te-shpetuar-vendin-nga-sundimi-i-nje-pakice-qe-mban-peng-te-ardhmen-e-tij\/","title":{"rendered":"Basha: Platforma p\u00ebr demokracin\u00eb do t\u00eb b\u00ebj\u00eb bashk\u00eb t\u00eb gjitha forcat e gjalla t\u00eb shoq\u00ebris\u00eb p\u00ebr t\u00eb shp\u00ebtuar vendin nga sundimi i nj\u00eb pakice q\u00eb mban peng t\u00eb ardhmen e tij"},"content":{"rendered":"<p>Kreu i PD, Lulzim Basha i \u00ebsht\u00eb p\u00ebrgjigjur kryeministrit Rama duke e siguruar se beteja e demokrat\u00ebve dhe shqiptar\u00ebve nuk \u00ebsht\u00eb kund\u00ebr PS.<\/p>\n<p>Basha thot\u00eb se shqiptar\u00ebt i din\u00eb d\u00ebshtime e qeverin\u00eb dhe p\u00ebrball\u00eb regjimit detyra qytetare \u00ebsht\u00eb bashkimi dhe puna p\u00ebr kthimin e demokracis\u00eb e legjitimitetit n\u00eb Shqip\u00ebri.<\/p>\n<p>STATUSI NGA LULZIM BASHA<\/p>\n<p>Beteja jon\u00eb dhe e shoq\u00ebris\u00eb shqiptare nuk \u00ebsht\u00eb kund\u00ebr Partis\u00eb Socialiste, por kund\u00ebr pakic\u00ebs s\u00eb korruptuar q\u00eb ka kapur shtetin dhe e pla\u00e7kit at\u00eb me nj\u00eb grusht t\u00eb vog\u00ebl njer\u00ebzish, me t\u00eb cil\u00ebt masakron zgjedhjet, kriminalizon politik\u00ebn dhe shkat\u00ebrron ekonomin\u00eb.<\/p>\n<p>Shqiptar\u00ebt i\u2019a din\u00eb d\u00ebshtimet, raportet nd\u00ebrkomb\u00ebtare i\u2019a kan\u00eb ekspozuar bab\u00ebzin\u00eb, askush nuk g\u00ebnjehet nga rip\u00ebrtypja e fjalimeve t\u00eb vjetra t\u00eb atij q\u00eb ka varf\u00ebruar familjet shqiptare dhe ka degdisur gjysm\u00eb milioni shqiptar\u00eb.<\/p>\n<p>P\u00ebrball\u00eb k\u00ebtij regjimi, kemi detyr\u00ebn qytetare t\u00eb bashkohemi dhe t\u00eb punojm\u00eb p\u00ebr kthimin e demokracis\u00eb dhe legjitimitetit n\u00eb vend. Platforma qytetare p\u00ebr demokracin\u00eb do t\u00eb b\u00ebj\u00eb bashk\u00eb t\u00eb gjitha forcat e gjalla t\u00eb shoq\u00ebris\u00eb q\u00eb e duan ndryshimin dhe jan\u00eb t\u00eb vendosura t\u00eb shp\u00ebtojn\u00eb vendin nga sundimi i nj\u00eb pakice q\u00eb mban peng t\u00eb ardhmen e tij.<\/p>\n","protected":false},"excerpt":{"rendered":"<p>Kreu i PD, Lulzim Basha i \u00ebsht\u00eb p\u00ebrgjigjur kryeministrit Rama duke e siguruar se beteja e demokrat\u00ebve dhe shqiptar\u00ebve nuk \u00ebsht\u00eb kund\u00ebr PS. Basha thot\u00eb se shqiptar\u00ebt i din\u00eb d\u00ebshtime e qeverin\u00eb dhe p\u00ebrball\u00eb regjimit detyra qytetare \u00ebsht\u00eb bashkimi dhe puna p\u00ebr kthimin e demokracis\u00eb e legjitimitetit n\u00eb Shqip\u00ebri. STATUSI NGA LULZIM BASHA Beteja jon\u00eb [&hellip;]<\/p>\n","protected":false},"author":2031,"featured_media":199312,"comment_status":"closed","ping_status":"closed","sticky":false,"template":"","format":"standard","meta":{"footnotes":""},"categories":[231],"tags":[],"class_list":{"0":"post-199578","1":"post","2":"type-post","3":"status-publish","4":"format-standard","5":"has-post-thumbnail","7":"category-lajme"},"_links":{"self":[{"href":"https:\/\/zjarr.tv\/sq\/wp-json\/wp\/v2\/posts\/199578","targetHints":{"allow":["GET"]}}],"collection":[{"href":"https:\/\/zjarr.tv\/sq\/wp-json\/wp\/v2\/posts"}],"about":[{"href":"https:\/\/zjarr.tv\/sq\/wp-json\/wp\/v2\/types\/post"}],"author":[{"embeddable":true,"href":"https:\/\/zjarr.tv\/sq\/wp-json\/wp\/v2\/users\/2031"}],"replies":[{"embeddable":true,"href":"https:\/\/zjarr.tv\/sq\/wp-json\/wp\/v2\/comments?post=199578"}],"version-history":[{"count":0,"href":"https:\/\/zjarr.tv\/sq\/wp-json\/wp\/v2\/posts\/199578\/revisions"}],"wp:featuredmedia":[{"embeddable":true,"href":"https:\/\/zjarr.tv\/sq\/wp-json\/wp\/v2\/media\/199312"}],"wp:attachment":[{"href":"https:\/\/zjarr.tv\/sq\/wp-json\/wp\/v2\/media?parent=199578"}],"wp:term":[{"taxonomy":"category","embeddable":true,"href":"https:\/\/zjarr.tv\/sq\/wp-json\/wp\/v2\/categories?post=199578"},{"taxonomy":"post_tag","embeddable":true,"href":"https:\/\/zjarr.tv\/sq\/wp-json\/wp\/v2\/tags?post=199578"}],"curies":[{"name":"wp","href":"https:\/\/api.w.org\/{rel}","templated":true}]}}