{"id":199586,"date":"2021-08-27T22:18:49","date_gmt":"2021-08-27T20:18:49","guid":{"rendered":"https:\/\/zjarr.tv\/?p=199586"},"modified":"2021-08-27T22:18:49","modified_gmt":"2021-08-27T20:18:49","slug":"nuk-mund-te-ndodhte-ndryshe-rama-konfrimon-dy-te-preferuarit-e-tij-taulant-ballen-dhe-mamicen-spiropali-do-ta-cojne-performancen-ne-tjeter-nivel","status":"publish","type":"post","link":"https:\/\/zjarr.tv\/sq\/nuk-mund-te-ndodhte-ndryshe-rama-konfrimon-dy-te-preferuarit-e-tij-taulant-ballen-dhe-mamicen-spiropali-do-ta-cojne-performancen-ne-tjeter-nivel\/","title":{"rendered":"Nuk mund t\u00eb ndodhte ndryshe\/ Rama konfrimon dy t\u00eb preferuarit e tij Taulant Ball\u00ebn dhe \u201cmamic\u00ebn\u201d Spiropali: Do ta \u00e7ojn\u00eb performanc\u00ebn n\u00eb tjet\u00ebr nivel"},"content":{"rendered":"<p>N\u00eb fund t\u00eb fjalimit t\u00eb tij kryeministri b\u00ebri nj\u00eb falenderim t\u00eb ve\u00e7ant\u00eb p\u00ebr kreun e Grupit Parlamentar Taulant Balla dhe ministren p\u00ebr Marr\u00ebdh\u00ebnien me Parlamentin Elisa Spiropali duke i konfirmuar s\u00ebrish n\u00eb detyrat e tyre n\u00eb mandatin e tret\u00eb.<\/p>\n<p>\u201cSot \u00ebsht\u00eb dita p\u00ebr t\u00eb falenderuar t\u00eb gjith\u00eb deputetet dhe deputet\u00ebt, an\u00ebtar\u00ebt e kryesis\u00eb s\u00eb Grupit Parlamentar, drejtuesin Taulant Balla dhe ministren p\u00ebr Marr\u00ebdh\u00ebniet me Parlamentin Elisa Spiropalin. <\/p>\n<p>Taulanti ka drejtuar grupin me k\u00ebmb\u00ebngulje t\u00eb spikatur dhe Elisa ka qen\u00eb e p\u00ebrkushtuar duke p\u00ebrfaq\u00ebsuar qeverin\u00eb me aft\u00ebsi n\u00eb debate parlamentare. T\u00eb dy kan\u00eb konfirmimin e tyre n\u00eb detyr\u00eb n\u00eb mandatin e tret\u00eb p\u00ebr ta \u00e7uar n\u00eb nj\u00eb nivel tjet\u00ebr performanc\u00ebn e PS-s\u00eb n\u00eb qeverisje\u201d- tha kryeministri.<\/p>\n","protected":false},"excerpt":{"rendered":"<p>N\u00eb fund t\u00eb fjalimit t\u00eb tij kryeministri b\u00ebri nj\u00eb falenderim t\u00eb ve\u00e7ant\u00eb p\u00ebr kreun e Grupit Parlamentar Taulant Balla dhe ministren p\u00ebr Marr\u00ebdh\u00ebnien me Parlamentin Elisa Spiropali duke i konfirmuar s\u00ebrish n\u00eb detyrat e tyre n\u00eb mandatin e tret\u00eb. \u201cSot \u00ebsht\u00eb dita p\u00ebr t\u00eb falenderuar t\u00eb gjith\u00eb deputetet dhe deputet\u00ebt, an\u00ebtar\u00ebt e kryesis\u00eb s\u00eb Grupit [&hellip;]<\/p>\n","protected":false},"author":2031,"featured_media":199587,"comment_status":"closed","ping_status":"closed","sticky":false,"template":"","format":"standard","meta":{"footnotes":""},"categories":[231],"tags":[],"class_list":{"0":"post-199586","1":"post","2":"type-post","3":"status-publish","4":"format-standard","5":"has-post-thumbnail","7":"category-lajme"},"_links":{"self":[{"href":"https:\/\/zjarr.tv\/sq\/wp-json\/wp\/v2\/posts\/199586","targetHints":{"allow":["GET"]}}],"collection":[{"href":"https:\/\/zjarr.tv\/sq\/wp-json\/wp\/v2\/posts"}],"about":[{"href":"https:\/\/zjarr.tv\/sq\/wp-json\/wp\/v2\/types\/post"}],"author":[{"embeddable":true,"href":"https:\/\/zjarr.tv\/sq\/wp-json\/wp\/v2\/users\/2031"}],"replies":[{"embeddable":true,"href":"https:\/\/zjarr.tv\/sq\/wp-json\/wp\/v2\/comments?post=199586"}],"version-history":[{"count":0,"href":"https:\/\/zjarr.tv\/sq\/wp-json\/wp\/v2\/posts\/199586\/revisions"}],"wp:featuredmedia":[{"embeddable":true,"href":"https:\/\/zjarr.tv\/sq\/wp-json\/wp\/v2\/media\/199587"}],"wp:attachment":[{"href":"https:\/\/zjarr.tv\/sq\/wp-json\/wp\/v2\/media?parent=199586"}],"wp:term":[{"taxonomy":"category","embeddable":true,"href":"https:\/\/zjarr.tv\/sq\/wp-json\/wp\/v2\/categories?post=199586"},{"taxonomy":"post_tag","embeddable":true,"href":"https:\/\/zjarr.tv\/sq\/wp-json\/wp\/v2\/tags?post=199586"}],"curies":[{"name":"wp","href":"https:\/\/api.w.org\/{rel}","templated":true}]}}