{"id":199590,"date":"2021-08-27T22:26:43","date_gmt":"2021-08-27T20:26:43","guid":{"rendered":"https:\/\/zjarr.tv\/?p=199590"},"modified":"2021-08-27T22:26:43","modified_gmt":"2021-08-27T20:26:43","slug":"gjekmarkaj-del-ne-mbeshtetje-te-markut-por-deklaron-se-do-te-jete-pjese-e-parlamentit-ne-shtator-do-perballem-sy-me-sy-me-qeverine-me-banale-e-te-peshtire-te-30-viteve","status":"publish","type":"post","link":"https:\/\/zjarr.tv\/sq\/gjekmarkaj-del-ne-mbeshtetje-te-markut-por-deklaron-se-do-te-jete-pjese-e-parlamentit-ne-shtator-do-perballem-sy-me-sy-me-qeverine-me-banale-e-te-peshtire-te-30-viteve\/","title":{"rendered":"Gjekmarkaj del n\u00eb mb\u00ebshtetje t\u00eb Markut, por deklaron se do t\u00eb jet\u00eb pjes\u00eb e Parlamentit n\u00eb shtator: Do p\u00ebrballem sy m\u00eb sy me qeverin\u00eb m\u00eb banale e t\u00eb p\u00ebshtir\u00eb t\u00eb 30 viteve!"},"content":{"rendered":"<p>Deputeti i zgjedhur i Partis\u00eb Demokratike, Agron Gjekmarkaj, komenton vendimin e Mark Markut p\u00ebr t\u00eb dor\u00ebzuar mandatin e deputetit para se t\u00eb hyj\u00eb n\u00eb Parlamanet.<\/p>\n<p>Teksa e cil\u00ebson largimin e tij si trishtues, Gjekmarkaj thekson se Mark Marku \u00ebsht\u00eb personalitet akademik, publik e politik me integritet t\u00eb lart\u00eb e pacenuesh\u00ebm, si dhe njeri i vendimeve t\u00eb guximshme.<\/p>\n<p>Mes t\u00eb tjerash, Gjekmarkaj iu drejtohet me nj\u00eb mesazh t\u00eb gjith\u00eb atyre qytetar\u00ebve, q\u00eb e kan\u00eb votuar n\u00eb zgjedhjet e 25 prillit, duke th\u00ebn\u00eb do t\u00eb b\u00ebj\u00eb p\u00ebrpjekje maksimale p\u00ebr t\u2019i p\u00ebrfaq\u00ebsuar n\u00eb Parlamentin e ri, si dhe p\u00ebr t\u00eb mbajtur \u00e7do premtim etik, q\u00eb e ka b\u00ebr\u00eb gjat\u00eb fushat\u00ebs, bashk\u00eb me Markun.<\/p>\n<p>\u201cNdiej keqardhje t\u00eb thell\u00eb q\u00eb mikun e shum\u00eb betejave t\u00eb perbashk\u00ebta pse jo edhe mik jete Prof Mark Markun nuk do ta kem n\u00eb krah n\u00eb betejat parlamentare ! P\u00ebr mua, p\u00ebr shum\u00eb qytetar\u00eb dhe demokrat\u00eb ishte nj\u00eb lajm trishtues vendimi i tij p\u00ebr tu largur n\u00eb kontekstin e arsyeve q\u00eb ai paraqet me zhvillimet br\u00ebnda PD ! <\/p>\n<p>T\u00eb gjith\u00eb atyre q\u00eb nxitojn\u00eb p\u00ebr nj\u00eb shkak a nj\u00eb tjeter t\u00eb hedhin balt\u00eb , t\u00eb b\u00ebjne insinuata ndaj Markut p\u00ebr trille a komplekse, a thjesht\u00eb p\u00ebr cmir\u00eb, ndiej detyrimin t\u2019ju them q\u00eb Mark Marku \u00ebsht\u00eb personalitet akademik, publik e politik me integritet t\u00eb lart\u00eb e t\u00eb pacenueshem, njeri i vendimeve t\u00eb guximshme t\u00eb cilat l\u00ebn\u00eb shije habie nga pas por edhe shum\u00eb nevoj\u00eb p\u00ebr reflektim e meditim.<\/p>\n<p>Duhet t\u00eb maten mir\u00eb kur i mbushin grushtat me balt\u00eb p\u00ebr t\u00eb r\u00ebn\u00eb n\u00eb sy si gardian t\u00eb devotshem. Largimi i tij \u00ebsht\u00eb nj\u00eb lajm i keq p\u00ebr politiken, p\u00ebr Parlamentin e ri t\u00eb Shqiperis\u00eb e shum\u00eb m\u00eb teper p\u00ebr PD dhe t\u00eb djathten e k\u00ebtij v\u00ebndi ! Une e besoj plotesisht q\u00eb Mark Marku do jete ai z\u00ebri unik dhe i paekuivok si gjithmon\u00eb n\u00eb llogoren ku rrin\u00eb t\u00eb gjith\u00eb ata q\u00eb perballen me regjimin kleptokratik t\u00eb Edi Rames !!<\/p>\n<p> Qytetar\u00ebve t\u00eb Lezhes , Mirdites dhe Kurbinit, votuesve tan\u00eb, qytetarve dhe demokrateve ndiej p\u00ebr detyr\u00eb tu them perpjekja do t\u00eb jet\u00eb maksimale p\u00ebr ti p\u00ebrfaqesuar p\u00ebr t\u00eb mbajtur \u00e7do premtim etik q\u00eb s\u00ebbashku me Prof Markun u b\u00ebm\u00eb gjat\u00eb fushates elektorale p\u00ebr nj\u00eb perballje , t\u00eb pashoqe, t\u00eb pakompleksuar, dh\u00ebmb per dh\u00ebmb e sy per sy me qeverin\u00eb m\u00eb banale e korruptive , m\u00eb t\u00eb keqen e m\u00eb t\u00eb peshtiren e ketyre 30 viteve !! <\/p>\n<p>Diversioni q\u00eb b\u00ebn sot pushteti me mediat e veta p\u00ebr largimin e Markut do t\u00eb jet\u00eb n\u00eb pak dit\u00eb nj\u00eb kafshat\u00eb q\u00eb nuk kaperdihet p\u00ebr t\u00eb! Do ta ken\u00eb perball\u00eb si\u00e7 e kan\u00eb patur komunistet , neokomunistet , kleptokratet dhe hajdutet n\u00eb keto 31 vjet pluralizem!\u201d, thekson Gjekmarkaj.<\/p>\n","protected":false},"excerpt":{"rendered":"<p>Deputeti i zgjedhur i Partis\u00eb Demokratike, Agron Gjekmarkaj, komenton vendimin e Mark Markut p\u00ebr t\u00eb dor\u00ebzuar mandatin e deputetit para se t\u00eb hyj\u00eb n\u00eb Parlamanet. Teksa e cil\u00ebson largimin e tij si trishtues, Gjekmarkaj thekson se Mark Marku \u00ebsht\u00eb personalitet akademik, publik e politik me integritet t\u00eb lart\u00eb e pacenuesh\u00ebm, si dhe njeri i vendimeve [&hellip;]<\/p>\n","protected":false},"author":2031,"featured_media":186495,"comment_status":"closed","ping_status":"closed","sticky":false,"template":"","format":"standard","meta":{"footnotes":""},"categories":[231],"tags":[],"class_list":{"0":"post-199590","1":"post","2":"type-post","3":"status-publish","4":"format-standard","5":"has-post-thumbnail","7":"category-lajme"},"_links":{"self":[{"href":"https:\/\/zjarr.tv\/sq\/wp-json\/wp\/v2\/posts\/199590","targetHints":{"allow":["GET"]}}],"collection":[{"href":"https:\/\/zjarr.tv\/sq\/wp-json\/wp\/v2\/posts"}],"about":[{"href":"https:\/\/zjarr.tv\/sq\/wp-json\/wp\/v2\/types\/post"}],"author":[{"embeddable":true,"href":"https:\/\/zjarr.tv\/sq\/wp-json\/wp\/v2\/users\/2031"}],"replies":[{"embeddable":true,"href":"https:\/\/zjarr.tv\/sq\/wp-json\/wp\/v2\/comments?post=199590"}],"version-history":[{"count":0,"href":"https:\/\/zjarr.tv\/sq\/wp-json\/wp\/v2\/posts\/199590\/revisions"}],"wp:featuredmedia":[{"embeddable":true,"href":"https:\/\/zjarr.tv\/sq\/wp-json\/wp\/v2\/media\/186495"}],"wp:attachment":[{"href":"https:\/\/zjarr.tv\/sq\/wp-json\/wp\/v2\/media?parent=199590"}],"wp:term":[{"taxonomy":"category","embeddable":true,"href":"https:\/\/zjarr.tv\/sq\/wp-json\/wp\/v2\/categories?post=199590"},{"taxonomy":"post_tag","embeddable":true,"href":"https:\/\/zjarr.tv\/sq\/wp-json\/wp\/v2\/tags?post=199590"}],"curies":[{"name":"wp","href":"https:\/\/api.w.org\/{rel}","templated":true}]}}