{"id":199596,"date":"2021-08-28T07:04:40","date_gmt":"2021-08-28T05:04:40","guid":{"rendered":"https:\/\/zjarr.tv\/?p=199596"},"modified":"2021-08-28T07:04:40","modified_gmt":"2021-08-28T05:04:40","slug":"mark-marku-le-mandatin-e-deputetit-kreshnik-spahiu-zbulon-cfare-fshihet-pas-kesaj-dhe-ben-deklaraten-e-forte","status":"publish","type":"post","link":"https:\/\/zjarr.tv\/sq\/mark-marku-le-mandatin-e-deputetit-kreshnik-spahiu-zbulon-cfare-fshihet-pas-kesaj-dhe-ben-deklaraten-e-forte\/","title":{"rendered":"Mark Marku l\u00eb mandatin e deputetit\/ Kreshnik Spahiu zbulon \u00e7far\u00eb fshihet pas k\u00ebsaj dhe b\u00ebn deklarat\u00ebn e fort\u00eb\u2026"},"content":{"rendered":"<p>Ish-kreu i Aleanc\u00ebs Kuq e Zi, Kreshnik Spahiu, ka dal\u00eb me nj\u00eb reagim t\u00eb fort\u00eb n\u00eb rrjetet sociale, pas dor\u00ebheqjes s\u00eb Mark Markut.<\/p>\n<p>Spahiu shkruan se pas \u00e7do dor\u00ebheqjeje ose largim, po e kupton edhe m\u00eb mir\u00eb deklarat\u00ebn q\u00eb ka b\u00ebr\u00eb pak koh\u00eb m\u00eb par\u00eb Sali Berisha.<\/p>\n<p><strong>Postimi i plot\u00eb:<\/strong><\/p>\n<p><em>\u201cKapiteni plak dhe Titaniku. <\/em><em>Pas \u00e7do dor\u00ebheqje dhe largim po e kuptoj m\u00eb mir\u00eb shprehjen e Sali Berish\u00ebs:<\/em><\/p>\n<p><em>\u201cEdhe 1 antar\u00eb n\u00ebse ngelet n\u00eb PD, ai do jem un\u00eb\u201d<\/em><\/p>\n<p><em>Vertet do mbetet vet\u00ebm ai, madje vet\u00ebm fare fare\u2026\u201d,<\/em>\u00a0\u2013 shkruan Spahiu.<\/p>\n","protected":false},"excerpt":{"rendered":"<p>Ish-kreu i Aleanc\u00ebs Kuq e Zi, Kreshnik Spahiu, ka dal\u00eb me nj\u00eb reagim t\u00eb fort\u00eb n\u00eb rrjetet sociale, pas dor\u00ebheqjes s\u00eb Mark Markut. Spahiu shkruan se pas \u00e7do dor\u00ebheqjeje ose largim, po e kupton edhe m\u00eb mir\u00eb deklarat\u00ebn q\u00eb ka b\u00ebr\u00eb pak koh\u00eb m\u00eb par\u00eb Sali Berisha. Postimi i plot\u00eb: \u201cKapiteni plak dhe Titaniku. Pas [&hellip;]<\/p>\n","protected":false},"author":2016,"featured_media":188396,"comment_status":"closed","ping_status":"closed","sticky":false,"template":"","format":"standard","meta":{"footnotes":""},"categories":[241,3366,1454],"tags":[4815],"class_list":{"0":"post-199596","1":"post","2":"type-post","3":"status-publish","4":"format-standard","5":"has-post-thumbnail","7":"category-aktualitet","8":"category-koment","9":"category-politike","10":"tag-lajme-zjarr-spahiu-zbulon-cfare-fshihet-zjarr-tv"},"_links":{"self":[{"href":"https:\/\/zjarr.tv\/sq\/wp-json\/wp\/v2\/posts\/199596","targetHints":{"allow":["GET"]}}],"collection":[{"href":"https:\/\/zjarr.tv\/sq\/wp-json\/wp\/v2\/posts"}],"about":[{"href":"https:\/\/zjarr.tv\/sq\/wp-json\/wp\/v2\/types\/post"}],"author":[{"embeddable":true,"href":"https:\/\/zjarr.tv\/sq\/wp-json\/wp\/v2\/users\/2016"}],"replies":[{"embeddable":true,"href":"https:\/\/zjarr.tv\/sq\/wp-json\/wp\/v2\/comments?post=199596"}],"version-history":[{"count":0,"href":"https:\/\/zjarr.tv\/sq\/wp-json\/wp\/v2\/posts\/199596\/revisions"}],"wp:featuredmedia":[{"embeddable":true,"href":"https:\/\/zjarr.tv\/sq\/wp-json\/wp\/v2\/media\/188396"}],"wp:attachment":[{"href":"https:\/\/zjarr.tv\/sq\/wp-json\/wp\/v2\/media?parent=199596"}],"wp:term":[{"taxonomy":"category","embeddable":true,"href":"https:\/\/zjarr.tv\/sq\/wp-json\/wp\/v2\/categories?post=199596"},{"taxonomy":"post_tag","embeddable":true,"href":"https:\/\/zjarr.tv\/sq\/wp-json\/wp\/v2\/tags?post=199596"}],"curies":[{"name":"wp","href":"https:\/\/api.w.org\/{rel}","templated":true}]}}