{"id":199598,"date":"2021-08-28T07:36:26","date_gmt":"2021-08-28T05:36:26","guid":{"rendered":"https:\/\/zjarr.tv\/?p=199598"},"modified":"2021-08-28T08:33:16","modified_gmt":"2021-08-28T06:33:16","slug":"genc-sejko-do-doja-ti-perqafoja-te-gjithe-afganet-thote-arbana-osmani-seshte-e-nevojshme-ti-perqafosh-te-gjithe-o-arbana-mjafton-ti-marresh-nja-dy-tek-shtepia-j","status":"publish","type":"post","link":"https:\/\/zjarr.tv\/sq\/genc-sejko-do-doja-ti-perqafoja-te-gjithe-afganet-thote-arbana-osmani-seshte-e-nevojshme-ti-perqafosh-te-gjithe-o-arbana-mjafton-ti-marresh-nja-dy-tek-shtepia-j\/","title":{"rendered":"Genc Sejko: Do doja t\u2019i p\u00ebrqafoja t\u00eb gjith\u00eb afgan\u00ebt, thot\u00eb Arbana Osmani\/ S\u2019\u00ebsht\u00eb e nevojshme t\u2019i p\u00ebrqafosh t\u00eb gjith\u00eb o Arbana, mjafton t\u2019i marr\u00ebsh nja dy tek sht\u00ebpia jote\u2026"},"content":{"rendered":"<p>Pas mb\u00ebrritjes s\u00eb afgan\u00ebve n\u00eb Shqip\u00ebri, reagimet kan\u00eb qen\u00eb t\u00eb shumta, si nga personalitete n\u00eb fush\u00ebn e politik\u00ebs, ashtu edhe nga showbiz. Nj\u00eb reagim p\u00ebr ardhjen e afgan\u00ebve, ka ardhur edhe nga moderatorja e njohur dhe shum\u00eb e dashur, Arbana Osmani, ku \u00ebsht\u00eb shprehur se; u uron mir\u00ebseardhjen dhe do donte q\u00eb t\u2019i p\u00ebrqafonte t\u00eb gjith\u00eb.<\/p>\n<p>Por nj\u00eb reagim t\u00eb till\u00eb, nuk e ka l\u00ebn\u00eb pa ironizuar aktivisti i njohur, Genc Sejko, ku me an\u00eb t\u00eb nj\u00eb postimi n\u00eb llogarin\u00eb\u00a0 e tij n\u00eb Facebook, ka shkruar; \u201c<em>Do doja t\u2019i p\u00ebrqafoja t\u00eb gjith\u00eb afgan\u00ebt\u201d, thot\u00eb Arbana Osmani. S\u2019\u00ebsht\u00eb e nevojshme t\u2019i p\u00ebrqafosh t\u00eb gjith\u00eb o Arbana. Mjafton t\u2019i marr\u00ebsh nja dy ke sht\u00ebpia jote\u201d<\/em>.<\/p>\n<p>Postimi:<\/p>\n<p>\u201c<em>Do doja t\u2019i p\u00ebrqafoja t\u00eb gjith\u00eb afgan\u00ebt\u201d, thot\u00eb Arbana Osmani. <\/em><\/p>\n<p><em>S\u2019\u00ebsht\u00eb e nevojshme t\u2019i p\u00ebrqafosh t\u00eb gjith\u00eb o Arbana. Mjafton t\u2019i marr\u00ebsh nja dy ke sht\u00ebpia jote<\/em>.<\/p>\n","protected":false},"excerpt":{"rendered":"<p>Pas mb\u00ebrritjes s\u00eb afgan\u00ebve n\u00eb Shqip\u00ebri, reagimet kan\u00eb qen\u00eb t\u00eb shumta, si nga personalitete n\u00eb fush\u00ebn e politik\u00ebs, ashtu edhe nga showbiz. Nj\u00eb reagim p\u00ebr ardhjen e afgan\u00ebve, ka ardhur edhe nga moderatorja e njohur dhe shum\u00eb e dashur, Arbana Osmani, ku \u00ebsht\u00eb shprehur se; u uron mir\u00ebseardhjen dhe do donte q\u00eb t\u2019i p\u00ebrqafonte t\u00eb [&hellip;]<\/p>\n","protected":false},"author":2016,"featured_media":184988,"comment_status":"closed","ping_status":"closed","sticky":false,"template":"","format":"standard","meta":{"footnotes":""},"categories":[241,3366],"tags":[2877],"class_list":{"0":"post-199598","1":"post","2":"type-post","3":"status-publish","4":"format-standard","5":"has-post-thumbnail","7":"category-aktualitet","8":"category-koment","9":"tag-lajme-zjarr-genc-sejko-zjarr-tv"},"_links":{"self":[{"href":"https:\/\/zjarr.tv\/sq\/wp-json\/wp\/v2\/posts\/199598","targetHints":{"allow":["GET"]}}],"collection":[{"href":"https:\/\/zjarr.tv\/sq\/wp-json\/wp\/v2\/posts"}],"about":[{"href":"https:\/\/zjarr.tv\/sq\/wp-json\/wp\/v2\/types\/post"}],"author":[{"embeddable":true,"href":"https:\/\/zjarr.tv\/sq\/wp-json\/wp\/v2\/users\/2016"}],"replies":[{"embeddable":true,"href":"https:\/\/zjarr.tv\/sq\/wp-json\/wp\/v2\/comments?post=199598"}],"version-history":[{"count":0,"href":"https:\/\/zjarr.tv\/sq\/wp-json\/wp\/v2\/posts\/199598\/revisions"}],"wp:featuredmedia":[{"embeddable":true,"href":"https:\/\/zjarr.tv\/sq\/wp-json\/wp\/v2\/media\/184988"}],"wp:attachment":[{"href":"https:\/\/zjarr.tv\/sq\/wp-json\/wp\/v2\/media?parent=199598"}],"wp:term":[{"taxonomy":"category","embeddable":true,"href":"https:\/\/zjarr.tv\/sq\/wp-json\/wp\/v2\/categories?post=199598"},{"taxonomy":"post_tag","embeddable":true,"href":"https:\/\/zjarr.tv\/sq\/wp-json\/wp\/v2\/tags?post=199598"}],"curies":[{"name":"wp","href":"https:\/\/api.w.org\/{rel}","templated":true}]}}