{"id":200549,"date":"2021-09-04T13:34:20","date_gmt":"2021-09-04T11:34:20","guid":{"rendered":"https:\/\/zjarr.tv\/?p=200549"},"modified":"2021-09-04T13:34:20","modified_gmt":"2021-09-04T11:34:20","slug":"fifa-materializon-idene-e-cmendur-europiani-dhe-boterori-cdo-2-vjet","status":"publish","type":"post","link":"https:\/\/zjarr.tv\/sq\/fifa-materializon-idene-e-cmendur-europiani-dhe-boterori-cdo-2-vjet\/","title":{"rendered":"FIFA materializon iden\u00eb e \u00e7mendur, Europiani dhe Bot\u00ebrori \u00e7do 2 vjet\u2026"},"content":{"rendered":"<p style=\"background: white; margin: 0in 0in 19.5pt 0in;\"><span style=\"color: #222222;\">FIFA ka n\u00eb plan t\u00eb miratoj\u00eb propozimin q\u00eb Bot\u00ebrori t\u00eb zhvillohet nj\u00eb her\u00eb n\u00eb \u00e7do dy vjet. N\u00eb majin e k\u00ebtij viti, n\u00eb Kongresin e organizmit bot\u00ebror t\u00eb futbollit, u hodh ideja p\u00ebr ndryshime radikale n\u00eb sportin m\u00eb t\u00eb ndjekur n\u00eb planet.<\/span><\/p>\n<p style=\"background: white; -webkit-tap-highlight-color: transparent !important; box-sizing: border-box; overflow-wrap: break-word; font-variant-ligatures: normal; font-variant-caps: normal; orphans: 2; widows: 2; -webkit-text-stroke-width: 0px; text-decoration-thickness: initial; text-decoration-style: initial; text-decoration-color: initial; word-spacing: 0px; margin: 0in 0in 19.5pt 0in;\"><span style=\"color: #222222;\">Tanim\u00eb duket se gj\u00ebrat kan\u00eb marr\u00eb drejtim serioz, me FIFA q\u00eb ka n\u00eb plan t\u00eb bind\u00eb m\u00eb skeptik\u00ebt p\u00ebr k\u00ebt\u00eb ide. Pritet q\u00eb n\u00eb Kongresin e radh\u00ebs n\u00eb majin e 2022, nj\u00eb gj\u00eb e till\u00eb t\u00eb miratohet teksa do hyj\u00eb n\u00eb fuqi pas vitit 2026.<\/span><\/p>\n<p style=\"background: white; -webkit-tap-highlight-color: transparent !important; box-sizing: border-box; overflow-wrap: break-word; font-variant-ligatures: normal; font-variant-caps: normal; orphans: 2; widows: 2; -webkit-text-stroke-width: 0px; text-decoration-thickness: initial; text-decoration-style: initial; text-decoration-color: initial; word-spacing: 0px; margin: 0in 0in 19.5pt 0in;\"><span style=\"color: #222222;\">FIFA propozon q\u00eb \u00e7do dy vjet t\u00eb zhvillohet edhe Europiani, nd\u00ebrsa nuk ka nj\u00eb ende nj\u00eb skem\u00eb sesi do zhvillohet gara, me kalendarin q\u00eb duksh\u00ebm do jet\u00eb m\u00eb i ngjeshur.<\/span><\/p>\n<p style=\"background: white; -webkit-tap-highlight-color: transparent !important; box-sizing: border-box; overflow-wrap: break-word; font-variant-ligatures: normal; font-variant-caps: normal; orphans: 2; widows: 2; -webkit-text-stroke-width: 0px; text-decoration-thickness: initial; text-decoration-style: initial; text-decoration-color: initial; word-spacing: 0px; margin: 0in 0in 19.5pt 0in;\"><span style=\"color: #222222;\">Propozimi \u00ebsht\u00eb q\u00eb garat Europiane dhe Bot\u00ebrore t\u00eb zgjasin 5-6 jav\u00eb. Kampionatet do nisin gar\u00ebn mes gushtit dhe shtatorit me dy sesione pushimesh. Nj\u00eb muaj do zhvillohet pushim dhe nj\u00eb tjet\u00ebr n\u00eb faz\u00eb p\u00ebrgatitore. Shum\u00eb zyrtar\u00eb t\u00eb UEFA e kan\u00eb kund\u00ebrshtuar k\u00ebt\u00eb ide.<\/span><\/p>\n","protected":false},"excerpt":{"rendered":"<p>FIFA ka n\u00eb plan t\u00eb miratoj\u00eb propozimin q\u00eb Bot\u00ebrori t\u00eb zhvillohet nj\u00eb her\u00eb n\u00eb \u00e7do dy vjet. N\u00eb majin e k\u00ebtij viti, n\u00eb Kongresin e organizmit bot\u00ebror t\u00eb futbollit, u hodh ideja p\u00ebr ndryshime radikale n\u00eb sportin m\u00eb t\u00eb ndjekur n\u00eb planet. Tanim\u00eb duket se gj\u00ebrat kan\u00eb marr\u00eb drejtim serioz, me FIFA q\u00eb ka n\u00eb [&hellip;]<\/p>\n","protected":false},"author":2016,"featured_media":200550,"comment_status":"closed","ping_status":"closed","sticky":false,"template":"","format":"standard","meta":{"footnotes":""},"categories":[192],"tags":[4887],"class_list":{"0":"post-200549","1":"post","2":"type-post","3":"status-publish","4":"format-standard","5":"has-post-thumbnail","7":"category-sport","8":"tag-lajme-zjarr-europiani-dhe-boterori-cdo-2-vjet-zjarr-tv"},"_links":{"self":[{"href":"https:\/\/zjarr.tv\/sq\/wp-json\/wp\/v2\/posts\/200549","targetHints":{"allow":["GET"]}}],"collection":[{"href":"https:\/\/zjarr.tv\/sq\/wp-json\/wp\/v2\/posts"}],"about":[{"href":"https:\/\/zjarr.tv\/sq\/wp-json\/wp\/v2\/types\/post"}],"author":[{"embeddable":true,"href":"https:\/\/zjarr.tv\/sq\/wp-json\/wp\/v2\/users\/2016"}],"replies":[{"embeddable":true,"href":"https:\/\/zjarr.tv\/sq\/wp-json\/wp\/v2\/comments?post=200549"}],"version-history":[{"count":0,"href":"https:\/\/zjarr.tv\/sq\/wp-json\/wp\/v2\/posts\/200549\/revisions"}],"wp:featuredmedia":[{"embeddable":true,"href":"https:\/\/zjarr.tv\/sq\/wp-json\/wp\/v2\/media\/200550"}],"wp:attachment":[{"href":"https:\/\/zjarr.tv\/sq\/wp-json\/wp\/v2\/media?parent=200549"}],"wp:term":[{"taxonomy":"category","embeddable":true,"href":"https:\/\/zjarr.tv\/sq\/wp-json\/wp\/v2\/categories?post=200549"},{"taxonomy":"post_tag","embeddable":true,"href":"https:\/\/zjarr.tv\/sq\/wp-json\/wp\/v2\/tags?post=200549"}],"curies":[{"name":"wp","href":"https:\/\/api.w.org\/{rel}","templated":true}]}}