{"id":200953,"date":"2021-09-07T08:07:54","date_gmt":"2021-09-07T06:07:54","guid":{"rendered":"https:\/\/zjarr.tv\/?p=200953"},"modified":"2021-09-07T08:07:54","modified_gmt":"2021-09-07T06:07:54","slug":"denimi-i-lidereve-opozitare-ne-bjellorusi-antony-blinken-vendim-i-motivuar-politikisht-turp","status":"publish","type":"post","link":"https:\/\/zjarr.tv\/sq\/denimi-i-lidereve-opozitare-ne-bjellorusi-antony-blinken-vendim-i-motivuar-politikisht-turp\/","title":{"rendered":"D\u00ebnimi i lider\u00ebve opozitar\u00eb n\u00eb Bjellorusi, Antony Blinken: Vendim i motivuar politikisht, turp\u2026"},"content":{"rendered":"<p>Sekretari amerikan i Shtetit, Anthony Blinken, ka kritikuar d\u00ebnimin e lider\u00ebve t\u00eb opozit\u00ebs n\u00eb Bjellorusi Max Kolesnikova dhe Maxin Znak, duke e quajtur at\u00eb t\u00eb turpshme dhe t\u00eb motivuar politikisht .<\/p>\n<p>\u201cK\u00ebto bindje jan\u00eb d\u00ebshmi t\u00eb tjera t\u00eb shp\u00ebrfilljes s\u00eb plot\u00eb t\u00eb regjimit p\u00ebr t\u00eb drejtat e njeriut dhe lirit\u00eb themelore t\u00eb popullit t\u00eb Bjellorusis\u00eb ,\u201d tha diplomati amerikan n\u00eb nj\u00eb deklarat\u00eb.<\/p>\n<p>Maria Kolesnikova, nj\u00eb nga drejtueset e protestave masive kund\u00ebr presidentit bjellorus, Aleksand\u00ebr Lukashenko, vitin e kaluar, u d\u00ebnua t\u00eb h\u00ebn\u00ebn me 11 vjet heqje lirie. Maria Kolesnikova dhe nj\u00eb tjet\u00ebr udh\u00ebheq\u00ebs i lart\u00eb opozitar, Maxim Znak, u akuzuan p\u00ebr p\u00ebrpjekje p\u00ebr t\u00eb marr\u00eb pushtetin n\u00eb m\u00ebnyr\u00eb t\u00eb paligjshme. T\u00eb dy mohuan akuzat q\u00eb zonja Kolesnikova i quajti absurde. Maxim Znak u d\u00ebnua me 10 vjet heqje lirie.<\/p>\n","protected":false},"excerpt":{"rendered":"<p>Sekretari amerikan i Shtetit, Anthony Blinken, ka kritikuar d\u00ebnimin e lider\u00ebve t\u00eb opozit\u00ebs n\u00eb Bjellorusi Max Kolesnikova dhe Maxin Znak, duke e quajtur at\u00eb t\u00eb turpshme dhe t\u00eb motivuar politikisht . \u201cK\u00ebto bindje jan\u00eb d\u00ebshmi t\u00eb tjera t\u00eb shp\u00ebrfilljes s\u00eb plot\u00eb t\u00eb regjimit p\u00ebr t\u00eb drejtat e njeriut dhe lirit\u00eb themelore t\u00eb popullit t\u00eb Bjellorusis\u00eb [&hellip;]<\/p>\n","protected":false},"author":2016,"featured_media":199339,"comment_status":"closed","ping_status":"closed","sticky":false,"template":"","format":"standard","meta":{"footnotes":""},"categories":[1],"tags":[4918],"class_list":{"0":"post-200953","1":"post","2":"type-post","3":"status-publish","4":"format-standard","5":"has-post-thumbnail","7":"category-uncategorized-sq","8":"tag-lajme-zjarr-antony-blinken-zjarr-tv"},"_links":{"self":[{"href":"https:\/\/zjarr.tv\/sq\/wp-json\/wp\/v2\/posts\/200953","targetHints":{"allow":["GET"]}}],"collection":[{"href":"https:\/\/zjarr.tv\/sq\/wp-json\/wp\/v2\/posts"}],"about":[{"href":"https:\/\/zjarr.tv\/sq\/wp-json\/wp\/v2\/types\/post"}],"author":[{"embeddable":true,"href":"https:\/\/zjarr.tv\/sq\/wp-json\/wp\/v2\/users\/2016"}],"replies":[{"embeddable":true,"href":"https:\/\/zjarr.tv\/sq\/wp-json\/wp\/v2\/comments?post=200953"}],"version-history":[{"count":0,"href":"https:\/\/zjarr.tv\/sq\/wp-json\/wp\/v2\/posts\/200953\/revisions"}],"wp:featuredmedia":[{"embeddable":true,"href":"https:\/\/zjarr.tv\/sq\/wp-json\/wp\/v2\/media\/199339"}],"wp:attachment":[{"href":"https:\/\/zjarr.tv\/sq\/wp-json\/wp\/v2\/media?parent=200953"}],"wp:term":[{"taxonomy":"category","embeddable":true,"href":"https:\/\/zjarr.tv\/sq\/wp-json\/wp\/v2\/categories?post=200953"},{"taxonomy":"post_tag","embeddable":true,"href":"https:\/\/zjarr.tv\/sq\/wp-json\/wp\/v2\/tags?post=200953"}],"curies":[{"name":"wp","href":"https:\/\/api.w.org\/{rel}","templated":true}]}}