{"id":201138,"date":"2021-09-08T10:03:43","date_gmt":"2021-09-08T08:03:43","guid":{"rendered":"https:\/\/zjarr.tv\/?p=201138"},"modified":"2021-09-08T10:03:43","modified_gmt":"2021-09-08T08:03:43","slug":"rreshteri-amerikan-perkund-per-nje-ore-foshnjen-afgane-nena-e-saj-nuk-mbante-dot-syte-hapur","status":"publish","type":"post","link":"https:\/\/zjarr.tv\/sq\/rreshteri-amerikan-perkund-per-nje-ore-foshnjen-afgane-nena-e-saj-nuk-mbante-dot-syte-hapur\/","title":{"rendered":"Rreshteri amerikan p\u00ebrkund p\u00ebr nj\u00eb or\u00eb foshnjen afgane: N\u00ebna e saj nuk mbante dot syt\u00eb hapur\u2026"},"content":{"rendered":"<p>P\u00ebrtej uniform\u00ebs, forcat ushtarake amerikane dhe ato britanike, kan\u00eb kryer edhe nj\u00eb mision tjet\u00ebr, at\u00eb t\u00eb p\u00ebrkujdesjes p\u00ebr foshnjet q\u00eb shp\u00ebtohen nga N\u00ebnat mes frik\u00ebs p\u00ebr jet\u00ebn.<\/p>\n<p>Ky \u00ebsht\u00eb edhe rasti i nj\u00eb ushtari britanik q\u00eb mban n\u00eb krah nj\u00eb foshnje dy jav\u00ebshe, teksa N\u00ebna e saj \u00ebsht\u00eb e lodhur dhe mezi q\u00ebndron n\u00eb k\u00ebmb\u00eb, gjat\u00eb fluturimit nga Afganistani drejt Mbret\u00ebris\u00eb s\u00eb Bashkuar.<\/p>\n<p><em>\u201cMe cepin e syrit pash\u00eb di\u00e7ka t\u00eb binte n\u00eb dysheme\u201d,<\/em>\u00a0tha ai.\u00a0<em>\u201cN\u00ebna po p\u00ebrpiqej t\u00eb merrte foshnjen e saj por ajo i ra nga prehri sepse ishte plot\u00ebsisht e rraskapitur, nuk mund t\u00eb mbante syt\u00eb hapur dhe as krah\u00ebt lart\u201d<\/em>, shtoi ai.<\/p>\n<p>Rreshteri Andy Livingstone, \u00ebsht\u00eb baba i dy vajzave dhe n\u00eb momentin e marrjes s\u00eb foshnj\u00ebs n\u00eb krah p\u00ebr t\u00eb pakt\u00ebn nj\u00eb or\u00eb, u kthye n\u00eb rolin e prindit.<\/p>\n<p>Ai vendosi kufje n\u00eb vesh\u00ebt e foshnj\u00ebs, n\u00eb m\u00ebnyr\u00eb q\u00eb ajo t\u00eb mos ndjente zhurm\u00ebn e avionit dhe q\u00eb ajo t\u00eb pushonte sa m\u00eb leht\u00eb.<\/p>\n","protected":false},"excerpt":{"rendered":"<p>P\u00ebrtej uniform\u00ebs, forcat ushtarake amerikane dhe ato britanike, kan\u00eb kryer edhe nj\u00eb mision tjet\u00ebr, at\u00eb t\u00eb p\u00ebrkujdesjes p\u00ebr foshnjet q\u00eb shp\u00ebtohen nga N\u00ebnat mes frik\u00ebs p\u00ebr jet\u00ebn. Ky \u00ebsht\u00eb edhe rasti i nj\u00eb ushtari britanik q\u00eb mban n\u00eb krah nj\u00eb foshnje dy jav\u00ebshe, teksa N\u00ebna e saj \u00ebsht\u00eb e lodhur dhe mezi q\u00ebndron n\u00eb k\u00ebmb\u00eb, [&hellip;]<\/p>\n","protected":false},"author":2016,"featured_media":201139,"comment_status":"closed","ping_status":"closed","sticky":false,"template":"","format":"standard","meta":{"footnotes":""},"categories":[191],"tags":[4931],"class_list":{"0":"post-201138","1":"post","2":"type-post","3":"status-publish","4":"format-standard","5":"has-post-thumbnail","7":"category-bota","8":"tag-lajme-zjarr-rreshteri-amerikan-zjarr-tv"},"_links":{"self":[{"href":"https:\/\/zjarr.tv\/sq\/wp-json\/wp\/v2\/posts\/201138","targetHints":{"allow":["GET"]}}],"collection":[{"href":"https:\/\/zjarr.tv\/sq\/wp-json\/wp\/v2\/posts"}],"about":[{"href":"https:\/\/zjarr.tv\/sq\/wp-json\/wp\/v2\/types\/post"}],"author":[{"embeddable":true,"href":"https:\/\/zjarr.tv\/sq\/wp-json\/wp\/v2\/users\/2016"}],"replies":[{"embeddable":true,"href":"https:\/\/zjarr.tv\/sq\/wp-json\/wp\/v2\/comments?post=201138"}],"version-history":[{"count":0,"href":"https:\/\/zjarr.tv\/sq\/wp-json\/wp\/v2\/posts\/201138\/revisions"}],"wp:featuredmedia":[{"embeddable":true,"href":"https:\/\/zjarr.tv\/sq\/wp-json\/wp\/v2\/media\/201139"}],"wp:attachment":[{"href":"https:\/\/zjarr.tv\/sq\/wp-json\/wp\/v2\/media?parent=201138"}],"wp:term":[{"taxonomy":"category","embeddable":true,"href":"https:\/\/zjarr.tv\/sq\/wp-json\/wp\/v2\/categories?post=201138"},{"taxonomy":"post_tag","embeddable":true,"href":"https:\/\/zjarr.tv\/sq\/wp-json\/wp\/v2\/tags?post=201138"}],"curies":[{"name":"wp","href":"https:\/\/api.w.org\/{rel}","templated":true}]}}