{"id":201319,"date":"2021-09-09T10:53:30","date_gmt":"2021-09-09T08:53:30","guid":{"rendered":"https:\/\/zjarr.tv\/?p=201319"},"modified":"2021-09-09T10:55:22","modified_gmt":"2021-09-09T08:55:22","slug":"gjykata-e-posacme-shtyn-seancen-gjyqesore-mes-grida-dumes-dhe-erion-veliaj-per-shpifje","status":"publish","type":"post","link":"https:\/\/zjarr.tv\/sq\/gjykata-e-posacme-shtyn-seancen-gjyqesore-mes-grida-dumes-dhe-erion-veliaj-per-shpifje\/","title":{"rendered":"Gjykata e Posa\u00e7me shtyn seanc\u00ebn gjyq\u00ebsore mes Grida Dum\u00ebs dhe Erion Veliaj p\u00ebr shpifje\u2026"},"content":{"rendered":"<p>Shtyhet seanca ndaj Grida Dum\u00ebs dhe Erjon Veliajt per shpifje, seanca e rradh\u00ebs u la m\u00eb 22 shtator ora 10. Seanca u shty per munges\u00eb t\u00eb pranis\u00eb s\u00eb paleve. Seanca e sotme pritej t\u00eb zhvillohej me pranin\u00eb e pal\u00ebve, por ato nuk u paraqiten n\u00eb seanc\u00eb.<\/p>\n<p>Kjo \u00e7\u00ebshtje kaloi nga gjykata e Tiran\u00ebs n\u00eb Gjykat\u00ebn e Posa\u00e7me, p\u00ebr shkak t\u00eb cil\u00ebsis\u00eb s\u00eb personit t\u00eb r\u00ebnd\u00ebisis\u00eb s\u00eb lart\u00eb q\u00eb \u00ebsht\u00eb kryebashkiaku i Tiran\u00ebs, Erion Veliaj.<\/p>\n<p>Kujtojm\u00eb se n\u00eb dat\u00ebn 24 mars 2021, deputetja e zgjedhur e PD-s\u00eb Grida Duma, ka paditur n\u00eb gjykat\u00eb kryebashkiakun e Tiran\u00ebs Erion Veliajn p\u00ebr shpifje ndaj saj.<\/p>\n","protected":false},"excerpt":{"rendered":"<p>Shtyhet seanca ndaj Grida Dum\u00ebs dhe Erjon Veliajt per shpifje, seanca e rradh\u00ebs u la m\u00eb 22 shtator ora 10. Seanca u shty per munges\u00eb t\u00eb pranis\u00eb s\u00eb paleve. Seanca e sotme pritej t\u00eb zhvillohej me pranin\u00eb e pal\u00ebve, por ato nuk u paraqiten n\u00eb seanc\u00eb. Kjo \u00e7\u00ebshtje kaloi nga gjykata e Tiran\u00ebs n\u00eb Gjykat\u00ebn [&hellip;]<\/p>\n","protected":false},"author":2016,"featured_media":201322,"comment_status":"closed","ping_status":"closed","sticky":false,"template":"","format":"standard","meta":{"footnotes":""},"categories":[241],"tags":[4952],"class_list":{"0":"post-201319","1":"post","2":"type-post","3":"status-publish","4":"format-standard","5":"has-post-thumbnail","7":"category-aktualitet","8":"tag-lajme-zjarr-gjykata-e-posacme-zjarr-tv"},"_links":{"self":[{"href":"https:\/\/zjarr.tv\/sq\/wp-json\/wp\/v2\/posts\/201319","targetHints":{"allow":["GET"]}}],"collection":[{"href":"https:\/\/zjarr.tv\/sq\/wp-json\/wp\/v2\/posts"}],"about":[{"href":"https:\/\/zjarr.tv\/sq\/wp-json\/wp\/v2\/types\/post"}],"author":[{"embeddable":true,"href":"https:\/\/zjarr.tv\/sq\/wp-json\/wp\/v2\/users\/2016"}],"replies":[{"embeddable":true,"href":"https:\/\/zjarr.tv\/sq\/wp-json\/wp\/v2\/comments?post=201319"}],"version-history":[{"count":0,"href":"https:\/\/zjarr.tv\/sq\/wp-json\/wp\/v2\/posts\/201319\/revisions"}],"wp:featuredmedia":[{"embeddable":true,"href":"https:\/\/zjarr.tv\/sq\/wp-json\/wp\/v2\/media\/201322"}],"wp:attachment":[{"href":"https:\/\/zjarr.tv\/sq\/wp-json\/wp\/v2\/media?parent=201319"}],"wp:term":[{"taxonomy":"category","embeddable":true,"href":"https:\/\/zjarr.tv\/sq\/wp-json\/wp\/v2\/categories?post=201319"},{"taxonomy":"post_tag","embeddable":true,"href":"https:\/\/zjarr.tv\/sq\/wp-json\/wp\/v2\/tags?post=201319"}],"curies":[{"name":"wp","href":"https:\/\/api.w.org\/{rel}","templated":true}]}}