{"id":201549,"date":"2021-09-10T11:17:12","date_gmt":"2021-09-10T09:17:12","guid":{"rendered":"https:\/\/zjarr.tv\/?p=201549"},"modified":"2021-09-10T11:17:12","modified_gmt":"2021-09-10T09:17:12","slug":"paralajmerimi-i-forte-i-alban-dudushit-partia-demokratike-rrezikon-qe-te","status":"publish","type":"post","link":"https:\/\/zjarr.tv\/sq\/paralajmerimi-i-forte-i-alban-dudushit-partia-demokratike-rrezikon-qe-te\/","title":{"rendered":"Paralajm\u00ebrimi i fort\u00eb i Alban Dudushit: Partia Demokratike rrezikon q\u00eb t\u00eb\u2026"},"content":{"rendered":"<p>Gazetari Alban Dudushi, theksoi se PD rrezikon q\u00eb t\u00eb \u00e7ahet dhe t\u00eb futet n\u00eb \u201clfuft\u00eb civile\u201d pas vendimit t\u00eb Lulzim Bash\u00ebs p\u00ebr p\u00ebrjashtimin e Sali Berish\u00ebs.<\/p>\n<p><strong>Deklarata e Dudushit:<\/strong><\/p>\n<p><em>\u201c\u00cbsht\u00eb nj\u00eb dit\u00eb e r\u00ebnd\u00eb p\u00ebr PD-n\u00eb, opozit\u00ebn, por edhe klas\u00ebn politike n\u00eb vend. Opozita rrezikn t\u00eb \u00e7ahet dhe t\u00eb futet n\u00eb \u201cluft\u00eb civile\u201d.<\/em><\/p>\n<p><em>Berisha vazhdon q\u00eb t\u00eb jet\u00eb element shum\u00eb i r\u00ebnd\u00ebsish\u00ebm brenda PD-s\u00eb. Shum\u00eb simpantizant\u00eb t\u00eb Berish\u00ebs mund t\u00eb duan t\u00eb rr\u00ebzojn\u00eb Bash\u00ebn. Berisha vazhdon t\u00eb luaj\u00eb prej 8 vitesh me emrin e PD-s\u00eb. PD ndodhet n\u00eb pik\u00eb krize\u201d,<\/em>\u00a0deklaroi Dudushi.<\/p>\n","protected":false},"excerpt":{"rendered":"<p>Gazetari Alban Dudushi, theksoi se PD rrezikon q\u00eb t\u00eb \u00e7ahet dhe t\u00eb futet n\u00eb \u201clfuft\u00eb civile\u201d pas vendimit t\u00eb Lulzim Bash\u00ebs p\u00ebr p\u00ebrjashtimin e Sali Berish\u00ebs. Deklarata e Dudushit: \u201c\u00cbsht\u00eb nj\u00eb dit\u00eb e r\u00ebnd\u00eb p\u00ebr PD-n\u00eb, opozit\u00ebn, por edhe klas\u00ebn politike n\u00eb vend. Opozita rrezikn t\u00eb \u00e7ahet dhe t\u00eb futet n\u00eb \u201cluft\u00eb civile\u201d. Berisha vazhdon [&hellip;]<\/p>\n","protected":false},"author":2016,"featured_media":201550,"comment_status":"closed","ping_status":"closed","sticky":false,"template":"","format":"standard","meta":{"footnotes":""},"categories":[241],"tags":[],"class_list":{"0":"post-201549","1":"post","2":"type-post","3":"status-publish","4":"format-standard","5":"has-post-thumbnail","7":"category-aktualitet"},"_links":{"self":[{"href":"https:\/\/zjarr.tv\/sq\/wp-json\/wp\/v2\/posts\/201549","targetHints":{"allow":["GET"]}}],"collection":[{"href":"https:\/\/zjarr.tv\/sq\/wp-json\/wp\/v2\/posts"}],"about":[{"href":"https:\/\/zjarr.tv\/sq\/wp-json\/wp\/v2\/types\/post"}],"author":[{"embeddable":true,"href":"https:\/\/zjarr.tv\/sq\/wp-json\/wp\/v2\/users\/2016"}],"replies":[{"embeddable":true,"href":"https:\/\/zjarr.tv\/sq\/wp-json\/wp\/v2\/comments?post=201549"}],"version-history":[{"count":0,"href":"https:\/\/zjarr.tv\/sq\/wp-json\/wp\/v2\/posts\/201549\/revisions"}],"wp:featuredmedia":[{"embeddable":true,"href":"https:\/\/zjarr.tv\/sq\/wp-json\/wp\/v2\/media\/201550"}],"wp:attachment":[{"href":"https:\/\/zjarr.tv\/sq\/wp-json\/wp\/v2\/media?parent=201549"}],"wp:term":[{"taxonomy":"category","embeddable":true,"href":"https:\/\/zjarr.tv\/sq\/wp-json\/wp\/v2\/categories?post=201549"},{"taxonomy":"post_tag","embeddable":true,"href":"https:\/\/zjarr.tv\/sq\/wp-json\/wp\/v2\/tags?post=201549"}],"curies":[{"name":"wp","href":"https:\/\/api.w.org\/{rel}","templated":true}]}}