{"id":201744,"date":"2021-09-11T10:50:29","date_gmt":"2021-09-11T08:50:29","guid":{"rendered":"https:\/\/zjarr.tv\/?p=201744"},"modified":"2021-09-11T10:50:29","modified_gmt":"2021-09-11T08:50:29","slug":"incidenti-i-pare-ne-kuvend-rama-mbledh-fletet-e-grisura-nga-opozita-nxehet-belind-kellici-jane-materiale-zgjedhore-mos-i-prek","status":"publish","type":"post","link":"https:\/\/zjarr.tv\/sq\/incidenti-i-pare-ne-kuvend-rama-mbledh-fletet-e-grisura-nga-opozita-nxehet-belind-kellici-jane-materiale-zgjedhore-mos-i-prek\/","title":{"rendered":"Incidenti i par\u00eb n\u00eb Kuvend\/ Rama mbledh flet\u00ebt e grisura nga opozita, nxehet Belind K\u00eblli\u00e7i: Jan\u00eb materiale zgjedhore, mos i prek!"},"content":{"rendered":"<p style=\"margin: 0in; line-height: 19.5pt; background: white; vertical-align: baseline;\"><span style=\"color: #404040;\">Seanca e djeshme e Kuvendit, ku u betuan 140 deputet\u00ebt q\u00eb do p\u00ebrfaq\u00ebsojn\u00eb z\u00ebrin e shqiptar\u00ebve p\u00ebr 4 vitet e ardhshme, sh\u00ebnoi dhe f\u00ebrkimet e para mes PD dhe PS. P\u00ebrplasja e par\u00eb ishte votimi p\u00ebr zgjedhjen e Lindita Nikoll\u00ebs si kryetare e Kuvendit, ku PD n\u00eb vend q\u00eb t\u00eb votonte kund\u00ebr saj, zgjodhi nj\u00eb lloj bojkoti duke grisur fletat e votimit, veprim q\u00eb habiti jo pak deputet\u00ebt e tjer\u00eb n\u00eb Kuvend.<\/span><\/p>\n<p>&nbsp;<\/p>\n<p style=\"margin: 0in; line-height: 19.5pt; background: white; vertical-align: baseline; box-sizing: border-box; font-variant-ligatures: normal; font-variant-caps: normal; orphans: 2; text-align: start; widows: 2; -webkit-text-stroke-width: 0px; text-decoration-thickness: initial; text-decoration-style: initial; text-decoration-color: initial; background-position-x: 0px; background-position-y: 0px; word-spacing: 0px;\"><span style=\"color: #404040;\">Nd\u00ebrsa nj\u00eb nga nj\u00eb deputet\u00ebt demokrat\u00eb grisnin fletat e votimit dhe i hidhni ata jasht\u00eb kutis\u00eb, ishte kryeministri Edi Rama i cili gjat\u00eb koh\u00ebs q\u00eb u ngrit p\u00ebr t\u00eb votuar i mblodhi letrat nj\u00eb e nga nj\u00eb, duke i futur n\u00eb nj\u00eb qese. Ky ishte nj\u00eb mesazh i qat\u00eb p\u00ebr t\u00eb gjith\u00eb, jo vet\u00ebm p\u00ebr faktin se p\u00ebr Ram\u00ebn, Lindita Nikolla \u00ebsht\u00eb nj\u00eb em\u00ebr i respektuar dhe nuk meriton nj\u00eb veprim t\u00eb till\u00eb, por edhe p\u00ebr t\u2019i treguar opozit\u00ebs se PS \u00ebsht\u00eb aty p\u00ebr t\u00eb \u2018pastruar vendin nga zullumet e opozit\u00ebs\u2019.<\/span><\/p>\n<p style=\"margin: 0in; line-height: 19.5pt; background: white; vertical-align: baseline;\"><span style=\"color: #404040;\">\u00a0<\/span><\/p>\n<p style=\"margin: 0in; line-height: 19.5pt; background: white; vertical-align: baseline;\"><span style=\"color: #404040;\">Fakti q\u00eb Rama mblodhi letrat dhe i futi n\u00eb qese, kapi n\u00eb befasi opozit\u00ebn, nd\u00ebrsa nxehu deputetin e saj Belind K\u00eblli\u00e7in, i cili tha se ato nuk duhen prekur, pasi jan\u00eb materiale zgjedhore.<\/span><\/p>\n<p>&nbsp;<\/p>\n<p style=\"margin: 0in; line-height: 19.5pt; background: white; vertical-align: baseline; box-sizing: border-box; background-position-x: 0px; background-position-y: 0px;\"><i><span style=\"color: #404040;\">\u201cKa rregulla k\u00ebtu asnj\u00eb individ nuk mund t\u00eb rek materialet zgjedhore, kjo nuk \u00ebsht\u00eb normale\u201d tha K\u00eblli\u00e7i.<\/span><\/i><\/p>\n<p>&nbsp;<\/p>\n<p style=\"margin: 0in; line-height: 19.5pt; background: white; vertical-align: baseline; box-sizing: border-box; font-variant-ligatures: normal; font-variant-caps: normal; orphans: 2; text-align: start; widows: 2; -webkit-text-stroke-width: 0px; text-decoration-thickness: initial; text-decoration-style: initial; text-decoration-color: initial; background-position-x: 0px; background-position-y: 0px; word-spacing: 0px;\"><span style=\"color: #404040;\">Kjo ka b\u00ebr\u00eb q\u00eb kryeministri Edi Rama, t\u00eb ngrihet nga vendi dhe t\u2019i \u00e7oj\u00eb qesen me flet\u00ebt e grisura K\u00eblli\u00e7it. M\u00eb pas kjo qese \u00ebsht\u00eb marr\u00eb nga kreu i grupit t\u00eb PD, Alfred Rushaj dhe \u00ebsht\u00eb derdhur s\u00ebrish n\u00eb tok\u00eb.<\/span><\/p>\n<p>&nbsp;<\/p>\n<p style=\"margin: 0in; line-height: 19.5pt; background: white; vertical-align: baseline; box-sizing: border-box; font-variant-ligatures: normal; font-variant-caps: normal; orphans: 2; text-align: start; widows: 2; -webkit-text-stroke-width: 0px; text-decoration-thickness: initial; text-decoration-style: initial; text-decoration-color: initial; background-position-x: 0px; background-position-y: 0px; word-spacing: 0px;\"><span style=\"color: #404040;\">Kryeministri Edi Rama, i ka shtrir\u00eb dor\u00ebn e bashk\u00ebpunimit PD p\u00ebr t\u00eb mir\u00ebn e vendin dhe d\u00ebshiron q\u00eb n\u00eb mandatin e tret\u00eb t\u00eb \u2018qeveris\u00eb i qet\u00eb\u2019, por incidenti i djesh\u00ebm tregon se nuk do t\u00eb ket\u00eb di\u00e7ka t\u00eb till\u00eb. Acarimi i PD-s\u00eb duket se nuk le shum\u00eb hap\u00ebsir\u00eb p\u00ebr qet\u00ebsi dhe se sesioni parlamentar q\u00eb sapo ka nisur, nuk do t\u00eb jet\u00eb \u2018aq paq\u00ebsor\u2019 sa shpreson Rama.<\/span><\/p>\n","protected":false},"excerpt":{"rendered":"<p>Seanca e djeshme e Kuvendit, ku u betuan 140 deputet\u00ebt q\u00eb do p\u00ebrfaq\u00ebsojn\u00eb z\u00ebrin e shqiptar\u00ebve p\u00ebr 4 vitet e ardhshme, sh\u00ebnoi dhe f\u00ebrkimet e para mes PD dhe PS. P\u00ebrplasja e par\u00eb ishte votimi p\u00ebr zgjedhjen e Lindita Nikoll\u00ebs si kryetare e Kuvendit, ku PD n\u00eb vend q\u00eb t\u00eb votonte kund\u00ebr saj, zgjodhi nj\u00eb [&hellip;]<\/p>\n","protected":false},"author":2016,"featured_media":201745,"comment_status":"closed","ping_status":"closed","sticky":false,"template":"","format":"standard","meta":{"footnotes":""},"categories":[241,1454],"tags":[5002],"class_list":{"0":"post-201744","1":"post","2":"type-post","3":"status-publish","4":"format-standard","5":"has-post-thumbnail","7":"category-aktualitet","8":"category-politike","9":"tag-lajme-zjarr-incidenti-i-pare-ne-kuvend-zjarr-tv"},"_links":{"self":[{"href":"https:\/\/zjarr.tv\/sq\/wp-json\/wp\/v2\/posts\/201744","targetHints":{"allow":["GET"]}}],"collection":[{"href":"https:\/\/zjarr.tv\/sq\/wp-json\/wp\/v2\/posts"}],"about":[{"href":"https:\/\/zjarr.tv\/sq\/wp-json\/wp\/v2\/types\/post"}],"author":[{"embeddable":true,"href":"https:\/\/zjarr.tv\/sq\/wp-json\/wp\/v2\/users\/2016"}],"replies":[{"embeddable":true,"href":"https:\/\/zjarr.tv\/sq\/wp-json\/wp\/v2\/comments?post=201744"}],"version-history":[{"count":0,"href":"https:\/\/zjarr.tv\/sq\/wp-json\/wp\/v2\/posts\/201744\/revisions"}],"wp:featuredmedia":[{"embeddable":true,"href":"https:\/\/zjarr.tv\/sq\/wp-json\/wp\/v2\/media\/201745"}],"wp:attachment":[{"href":"https:\/\/zjarr.tv\/sq\/wp-json\/wp\/v2\/media?parent=201744"}],"wp:term":[{"taxonomy":"category","embeddable":true,"href":"https:\/\/zjarr.tv\/sq\/wp-json\/wp\/v2\/categories?post=201744"},{"taxonomy":"post_tag","embeddable":true,"href":"https:\/\/zjarr.tv\/sq\/wp-json\/wp\/v2\/tags?post=201744"}],"curies":[{"name":"wp","href":"https:\/\/api.w.org\/{rel}","templated":true}]}}