{"id":202139,"date":"2021-09-13T21:14:27","date_gmt":"2021-09-13T19:14:27","guid":{"rendered":"https:\/\/zjarr.tv\/?p=202139"},"modified":"2021-09-13T21:14:27","modified_gmt":"2021-09-13T19:14:27","slug":"vend-i-vogel-me-zemer-te-madhe-yuri-kim-e-tepron-pak-me-dashurine-ndaj-shqperise-nese-nje-dite-ndodhem-ne-veshtiresi-rikthehem-ketu","status":"publish","type":"post","link":"https:\/\/zjarr.tv\/sq\/vend-i-vogel-me-zemer-te-madhe-yuri-kim-e-tepron-pak-me-dashurine-ndaj-shqperise-nese-nje-dite-ndodhem-ne-veshtiresi-rikthehem-ketu\/","title":{"rendered":"\u201cVend i vog\u00ebl me zem\u00ebr t\u00eb madhe\u201d, Yuri Kim \u2018e tepron\u2019 pak me dashurin\u00eb ndaj Shqp\u00ebris\u00eb: N\u00ebse nj\u00eb dit\u00eb ndodhem n\u00eb v\u00ebshtir\u00ebsi rikthehem k\u00ebtu"},"content":{"rendered":"<p>Ambasadorja amerikane Yuri Kim ka marr\u00eb pjes\u00eb n\u00eb \u201cFestivali i Kultur\u00ebs Izrael \u2013Shqip\u00ebri\u201d t\u00eb mbajtur mbr\u00ebmjen e s\u00eb h\u00ebn\u00ebs, ku nd\u00ebr t\u00eb tjera ka deklaruar se n\u00eb rast se nj\u00eb dit\u00eb do t\u00eb jet\u00eb n\u00eb v\u00ebshtir\u00ebsi nuk do t\u00eb ngurroj\u00eb t\u00eb rikthehet k\u00ebtu.<\/p>\n<p>Gjat\u00eb fjal\u00ebs s\u00eb saj, diplomatja amerikane ka folur edhe nj\u00eb her\u00eb p\u00ebr mikpritjen dhe bes\u00ebn e shqiptar\u00ebve.<\/p>\n<p>Kim u shpreh se shum\u00eb gj\u00ebra fliten p\u00ebr shqiptar\u00ebt, por kur bota kalon situata q\u00eb duhet t\u00eb mbaj\u00eb sh\u00ebnime, shqiptar\u00ebt ofrojn\u00eb \u201cbuk\u00eb, krip\u00eb e zem\u00ebr\u201d.<\/p>\n<p>\u201cNj\u00eb m\u00ebnyr\u00eb e mrekullueshme p\u00ebr t\u00eb menduar p\u00ebr historin\u00eb, kultur\u00ebn e artin. Jan\u00eb th\u00ebn\u00eb shum\u00eb gj\u00ebra p\u00ebr shqiptar\u00ebt, por e v\u00ebrteta \u00ebsht\u00eb se shqiptar\u00ebt jan\u00eb njer\u00ebz t\u00eb mikpritjes dhe kurajos. Sa her\u00eb q\u00eb dikush \u00ebsht\u00eb n\u00eb nevoj\u00eb, shqiptar\u00ebt ndihmojn\u00eb, e b\u00ebn\u00eb gjat\u00eb Luft\u00ebs s\u00eb Dyt\u00eb Bot\u00ebrore, e rib\u00ebn\u00eb tani. Kur bota kalon n\u00eb situata q\u00eb duhet t\u00eb mbaj\u00eb sh\u00ebnime, shqiptar\u00ebt ofrojn\u00eb buk\u00eb e krip\u00eb e zem\u00ebr. Jam v\u00ebrtet shum\u00eb krenare q\u00eb jam k\u00ebtu, e di si nj\u00eb qenie njer\u00ebzore, n\u00ebse do t\u00eb rastis t\u00eb jem n\u00eb v\u00ebshtir\u00ebsi, do t\u00eb vij n\u00eb Shqip\u00ebri. K\u00ebto jan\u00eb m\u00ebsime q\u00eb duhet t\u2019i m\u00ebsoj\u00eb bota nga ky vend i vog\u00ebl\u2026\u00cbsht\u00eb nj\u00eb vend i vog\u00ebl me zem\u00ebr t\u00eb madhe.\u201d, tha Kim.<\/p>\n","protected":false},"excerpt":{"rendered":"<p>Ambasadorja amerikane Yuri Kim ka marr\u00eb pjes\u00eb n\u00eb \u201cFestivali i Kultur\u00ebs Izrael \u2013Shqip\u00ebri\u201d t\u00eb mbajtur mbr\u00ebmjen e s\u00eb h\u00ebn\u00ebs, ku nd\u00ebr t\u00eb tjera ka deklaruar se n\u00eb rast se nj\u00eb dit\u00eb do t\u00eb jet\u00eb n\u00eb v\u00ebshtir\u00ebsi nuk do t\u00eb ngurroj\u00eb t\u00eb rikthehet k\u00ebtu. Gjat\u00eb fjal\u00ebs s\u00eb saj, diplomatja amerikane ka folur edhe nj\u00eb her\u00eb p\u00ebr [&hellip;]<\/p>\n","protected":false},"author":2031,"featured_media":0,"comment_status":"closed","ping_status":"closed","sticky":false,"template":"","format":"standard","meta":{"footnotes":""},"categories":[231],"tags":[],"class_list":{"0":"post-202139","1":"post","2":"type-post","3":"status-publish","4":"format-standard","6":"category-lajme"},"_links":{"self":[{"href":"https:\/\/zjarr.tv\/sq\/wp-json\/wp\/v2\/posts\/202139","targetHints":{"allow":["GET"]}}],"collection":[{"href":"https:\/\/zjarr.tv\/sq\/wp-json\/wp\/v2\/posts"}],"about":[{"href":"https:\/\/zjarr.tv\/sq\/wp-json\/wp\/v2\/types\/post"}],"author":[{"embeddable":true,"href":"https:\/\/zjarr.tv\/sq\/wp-json\/wp\/v2\/users\/2031"}],"replies":[{"embeddable":true,"href":"https:\/\/zjarr.tv\/sq\/wp-json\/wp\/v2\/comments?post=202139"}],"version-history":[{"count":0,"href":"https:\/\/zjarr.tv\/sq\/wp-json\/wp\/v2\/posts\/202139\/revisions"}],"wp:attachment":[{"href":"https:\/\/zjarr.tv\/sq\/wp-json\/wp\/v2\/media?parent=202139"}],"wp:term":[{"taxonomy":"category","embeddable":true,"href":"https:\/\/zjarr.tv\/sq\/wp-json\/wp\/v2\/categories?post=202139"},{"taxonomy":"post_tag","embeddable":true,"href":"https:\/\/zjarr.tv\/sq\/wp-json\/wp\/v2\/tags?post=202139"}],"curies":[{"name":"wp","href":"https:\/\/api.w.org\/{rel}","templated":true}]}}