{"id":202178,"date":"2021-09-14T09:06:20","date_gmt":"2021-09-14T07:06:20","guid":{"rendered":"https:\/\/zjarr.tv\/?p=202178"},"modified":"2021-09-14T09:06:20","modified_gmt":"2021-09-14T07:06:20","slug":"meshkujt-shqiptare-nuk-jane-gje-ne-shtrat-konkurrentja-e-perputhen-reagon-edhe-njehere-publikisht","status":"publish","type":"post","link":"https:\/\/zjarr.tv\/sq\/meshkujt-shqiptare-nuk-jane-gje-ne-shtrat-konkurrentja-e-perputhen-reagon-edhe-njehere-publikisht\/","title":{"rendered":"Meshkujt shqiptar\u00eb nuk jan\u00eb gj\u00eb n\u00eb shtrat\/ Konkurrentja e \u201cP\u00ebrputhen\u201d reagon edhe nj\u00ebher\u00eb publikisht\u2026"},"content":{"rendered":"<p style=\"line-height: 19.5pt; background: white; vertical-align: baseline; margin: 0in 0in 12.0pt 0in;\"><span style=\"color: black;\">Takimi i par\u00eb p\u00ebr k\u00ebt\u00eb sezon t\u00eb ri t\u00eb \u201cP\u00ebrputhen\u201d, u zhvillua mes Ritvana Fetahut dhe Argjend Rracit.<\/span><\/p>\n<p style=\"line-height: 19.5pt; background: white; vertical-align: baseline; box-sizing: border-box; font-variant-ligatures: normal; font-variant-caps: normal; orphans: 2; text-align: start; widows: 2; -webkit-text-stroke-width: 0px; list-style-position: outside; word-spacing: 0px; margin: 0in 0in 12.0pt 0in;\"><span style=\"color: black;\">Dyshja u shfaq\u00ebn shum\u00eb t\u00eb lirsh\u00ebm me nj\u00ebri-tjetrin dhe pranuan se \u00ebsht\u00eb e nevojshme q\u00eb t\u00eb realizojn\u00eb edhe nj\u00eb takim tjet\u00ebr, p\u00ebr t\u00eb vazhduar njohjen e tyre. <\/span><span style=\"color: black;\">Disa nga konkurrent\u00ebt e konsideruan takimin mes Ritvan\u00ebs dhe Argjendit si \u201cshum\u00eb t\u00eb mir\u00eb\u201d, por kishte dhe nga ata q\u00eb than\u00eb se mes tyre nuk kishte fare kimi.<\/span><\/p>\n<p style=\"line-height: 19.5pt; background: white; vertical-align: baseline; box-sizing: border-box; font-variant-ligatures: normal; font-variant-caps: normal; orphans: 2; text-align: start; widows: 2; -webkit-text-stroke-width: 0px; list-style-position: outside; word-spacing: 0px; margin: 0in 0in 12.0pt 0in;\"><span style=\"color: black;\">Gjat\u00eb komenteve n\u00eb studio, nj\u00eb konkurrent b\u00ebri nj\u00eb deklarat\u00eb t\u00eb fort\u00eb p\u00ebr Ritvan\u00ebn, duke th\u00ebn\u00eb: \u201cTek dhoma e zhveshjes d\u00ebgjova Rit\u00ebn q\u00eb tha nj\u00eb shprehje: <\/span><span style=\"color: black;\">\u2018Nuk e di pse, po sa m\u00eb shum\u00eb dit\u00eb kalojn\u00eb, mendoj q\u00eb meshkujt shqiptar\u00eb nuk jan\u00eb asgj\u00eb n\u00eb shtrat\u2019. <\/span><span style=\"color: black;\">Mos vall\u00eb mendon se je ti problemi (duke iu drejtuar Rit\u00ebs)?\u201d.<\/span><\/p>\n<p style=\"line-height: 19.5pt; background: white; vertical-align: baseline; box-sizing: border-box; font-variant-ligatures: normal; font-variant-caps: normal; orphans: 2; text-align: start; widows: 2; -webkit-text-stroke-width: 0px; list-style-position: outside; word-spacing: 0px; margin: 0in 0in 12.0pt 0in;\"><span style=\"color: black;\">\u00a0<\/span><span style=\"color: black;\">Nd\u00ebrkoh\u00eb Rita reagoi menj\u00ebher\u00eb duke th\u00ebn\u00eb: \u201cUn\u00eb e kam th\u00ebn\u00eb k\u00ebt\u00eb fjali?! Jo, jo, jo, nuk e kam th\u00ebn\u00eb k\u00ebt\u00eb fjali. Un\u00eb nuk kam provuar meshkuj shqiptar\u00eb dhe m\u00eb duket shum\u00eb diskutim i cek\u00ebt, p\u00ebr mendimin tim. Ne thjesht po b\u00ebnim shaka dhe ishte nj\u00eb pjes\u00eb e humorit. E ke d\u00ebgjuar shum\u00eb gabim.<\/span><\/p>\n<p style=\"line-height: 19.5pt; background: white; vertical-align: baseline; box-sizing: border-box; font-variant-ligatures: normal; font-variant-caps: normal; orphans: 2; text-align: start; widows: 2; -webkit-text-stroke-width: 0px; list-style-position: outside; word-spacing: 0px; margin: 0in 0in 12.0pt 0in;\"><span style=\"color: black;\">\u00a0<\/span><span style=\"color: black;\">Po ndihmoja Mikel\u00ebn me fustanin dhe m\u00eb tha: \u2018S\u2019ndihmojn\u00eb \u00e7unat bla, bla, bla\u2019. Edhe i thash: \u2018H\u00eb, s\u2019jan\u00eb meshkujt shqiptar\u00eb gj\u00eb?\u2019. Po b\u00ebja shaka me t\u00eb, kjo ishte pjesa e saj. Nuk kishte lidhje fare me seksualitetin\u201d.<img loading=\"lazy\" decoding=\"async\" class=\"alignnone size-full wp-image-202180\" src=\"https:\/\/zjarr.tv\/wp-content\/uploads\/2021\/09\/kon.jpg\" alt=\"\" width=\"900\" height=\"764\" srcset=\"https:\/\/zjarr.tv\/wp-content\/uploads\/2021\/09\/kon.jpg 900w, https:\/\/zjarr.tv\/wp-content\/uploads\/2021\/09\/kon-300x255.jpg 300w, https:\/\/zjarr.tv\/wp-content\/uploads\/2021\/09\/kon-768x652.jpg 768w, https:\/\/zjarr.tv\/wp-content\/uploads\/2021\/09\/kon-696x591.jpg 696w, https:\/\/zjarr.tv\/wp-content\/uploads\/2021\/09\/kon-495x420.jpg 495w\" sizes=\"auto, (max-width: 900px) 100vw, 900px\" \/><\/span><\/p>\n","protected":false},"excerpt":{"rendered":"<p>Takimi i par\u00eb p\u00ebr k\u00ebt\u00eb sezon t\u00eb ri t\u00eb \u201cP\u00ebrputhen\u201d, u zhvillua mes Ritvana Fetahut dhe Argjend Rracit. Dyshja u shfaq\u00ebn shum\u00eb t\u00eb lirsh\u00ebm me nj\u00ebri-tjetrin dhe pranuan se \u00ebsht\u00eb e nevojshme q\u00eb t\u00eb realizojn\u00eb edhe nj\u00eb takim tjet\u00ebr, p\u00ebr t\u00eb vazhduar njohjen e tyre. Disa nga konkurrent\u00ebt e konsideruan takimin mes Ritvan\u00ebs dhe Argjendit [&hellip;]<\/p>\n","protected":false},"author":2016,"featured_media":0,"comment_status":"closed","ping_status":"closed","sticky":false,"template":"","format":"standard","meta":{"footnotes":""},"categories":[193],"tags":[5023],"class_list":{"0":"post-202178","1":"post","2":"type-post","3":"status-publish","4":"format-standard","6":"category-showbiz","7":"tag-lajme-zjarr-konkurrentja-e-perputhen-zjarr-tv"},"_links":{"self":[{"href":"https:\/\/zjarr.tv\/sq\/wp-json\/wp\/v2\/posts\/202178","targetHints":{"allow":["GET"]}}],"collection":[{"href":"https:\/\/zjarr.tv\/sq\/wp-json\/wp\/v2\/posts"}],"about":[{"href":"https:\/\/zjarr.tv\/sq\/wp-json\/wp\/v2\/types\/post"}],"author":[{"embeddable":true,"href":"https:\/\/zjarr.tv\/sq\/wp-json\/wp\/v2\/users\/2016"}],"replies":[{"embeddable":true,"href":"https:\/\/zjarr.tv\/sq\/wp-json\/wp\/v2\/comments?post=202178"}],"version-history":[{"count":0,"href":"https:\/\/zjarr.tv\/sq\/wp-json\/wp\/v2\/posts\/202178\/revisions"}],"wp:attachment":[{"href":"https:\/\/zjarr.tv\/sq\/wp-json\/wp\/v2\/media?parent=202178"}],"wp:term":[{"taxonomy":"category","embeddable":true,"href":"https:\/\/zjarr.tv\/sq\/wp-json\/wp\/v2\/categories?post=202178"},{"taxonomy":"post_tag","embeddable":true,"href":"https:\/\/zjarr.tv\/sq\/wp-json\/wp\/v2\/tags?post=202178"}],"curies":[{"name":"wp","href":"https:\/\/api.w.org\/{rel}","templated":true}]}}