{"id":202182,"date":"2021-09-14T09:33:48","date_gmt":"2021-09-14T07:33:48","guid":{"rendered":"https:\/\/zjarr.tv\/?p=202182"},"modified":"2021-09-14T09:33:48","modified_gmt":"2021-09-14T07:33:48","slug":"pas-prokurorise-se-pergjithshme-spak-i-jep-driten-jeshile-metes-asnje-nga-emrat-e-ministrave-seshte-i-regjistruar-si-person-nen-hetim","status":"publish","type":"post","link":"https:\/\/zjarr.tv\/sq\/pas-prokurorise-se-pergjithshme-spak-i-jep-driten-jeshile-metes-asnje-nga-emrat-e-ministrave-seshte-i-regjistruar-si-person-nen-hetim\/","title":{"rendered":"Pas Prokuroris\u00eb s\u00eb P\u00ebrgjithshme, SPAK  i jep drit\u00ebn jeshile Met\u00ebs: Asnj\u00eb nga emrat e Ministrave s\u2019\u00ebsht\u00eb i regjistruar si person n\u00ebn hetim\u2026"},"content":{"rendered":"<p>SPAK i kthen p\u00ebrgjigje Presidentit Ilir Meta, lidhur me k\u00ebrkes\u00ebn e k\u00ebtij t\u00eb fundit p\u00ebr verifikimin e ministrave t\u00eb Qeveris\u00eb \u201cRama 3\u201d. Sipas organit t\u00eb akuz\u00ebs t\u00eb drejtuar nga Arben Kraja, asnj\u00eb nga ministrat nuk \u00ebsht\u00eb i regjistruar si person n\u00eb hetim n\u00eb regjistrin e veprave penale.<\/p>\n<p>\u201cAsnj\u00eb prej emrave t\u00eb paraqitur nuk \u00ebsht\u00eb i regjistruar si person n\u00ebn hetim n\u00eb regjistrin e njoftimit t\u00eb veprave penale t\u00eb Prokuroris\u00eb s\u00eb Posa\u00e7me\u201d thuhet n\u00eb njoftimin e SPAK.<\/p>\n<p>Kujtom\u00eb q\u00eb dit\u00ebn e djeshme, Meta mori p\u00ebrgjigjen edhe nga Prokuroria e P\u00ebrgjithshme, ku thuhej se asnj\u00eb nga ministrat nuk ka probleme me ligjin.<\/p>\n<p>Vijon\u2026<\/p>\n","protected":false},"excerpt":{"rendered":"<p>SPAK i kthen p\u00ebrgjigje Presidentit Ilir Meta, lidhur me k\u00ebrkes\u00ebn e k\u00ebtij t\u00eb fundit p\u00ebr verifikimin e ministrave t\u00eb Qeveris\u00eb \u201cRama 3\u201d. Sipas organit t\u00eb akuz\u00ebs t\u00eb drejtuar nga Arben Kraja, asnj\u00eb nga ministrat nuk \u00ebsht\u00eb i regjistruar si person n\u00eb hetim n\u00eb regjistrin e veprave penale. \u201cAsnj\u00eb prej emrave t\u00eb paraqitur nuk \u00ebsht\u00eb i [&hellip;]<\/p>\n","protected":false},"author":2016,"featured_media":130902,"comment_status":"closed","ping_status":"closed","sticky":false,"template":"","format":"standard","meta":{"footnotes":""},"categories":[241],"tags":[],"class_list":{"0":"post-202182","1":"post","2":"type-post","3":"status-publish","4":"format-standard","5":"has-post-thumbnail","7":"category-aktualitet"},"_links":{"self":[{"href":"https:\/\/zjarr.tv\/sq\/wp-json\/wp\/v2\/posts\/202182","targetHints":{"allow":["GET"]}}],"collection":[{"href":"https:\/\/zjarr.tv\/sq\/wp-json\/wp\/v2\/posts"}],"about":[{"href":"https:\/\/zjarr.tv\/sq\/wp-json\/wp\/v2\/types\/post"}],"author":[{"embeddable":true,"href":"https:\/\/zjarr.tv\/sq\/wp-json\/wp\/v2\/users\/2016"}],"replies":[{"embeddable":true,"href":"https:\/\/zjarr.tv\/sq\/wp-json\/wp\/v2\/comments?post=202182"}],"version-history":[{"count":0,"href":"https:\/\/zjarr.tv\/sq\/wp-json\/wp\/v2\/posts\/202182\/revisions"}],"wp:featuredmedia":[{"embeddable":true,"href":"https:\/\/zjarr.tv\/sq\/wp-json\/wp\/v2\/media\/130902"}],"wp:attachment":[{"href":"https:\/\/zjarr.tv\/sq\/wp-json\/wp\/v2\/media?parent=202182"}],"wp:term":[{"taxonomy":"category","embeddable":true,"href":"https:\/\/zjarr.tv\/sq\/wp-json\/wp\/v2\/categories?post=202182"},{"taxonomy":"post_tag","embeddable":true,"href":"https:\/\/zjarr.tv\/sq\/wp-json\/wp\/v2\/tags?post=202182"}],"curies":[{"name":"wp","href":"https:\/\/api.w.org\/{rel}","templated":true}]}}