{"id":202184,"date":"2021-09-14T10:06:03","date_gmt":"2021-09-14T08:06:03","guid":{"rendered":"https:\/\/zjarr.tv\/?p=202184"},"modified":"2021-09-14T10:06:03","modified_gmt":"2021-09-14T08:06:03","slug":"te-enjten-takohem-me-anetaresine-e-pd-ne-tirane-berisha-do-te-vazhdoj-ne-te-gjithe-shqiperine","status":"publish","type":"post","link":"https:\/\/zjarr.tv\/sq\/te-enjten-takohem-me-anetaresine-e-pd-ne-tirane-berisha-do-te-vazhdoj-ne-te-gjithe-shqiperine\/","title":{"rendered":"T\u00eb enjten takohem me an\u00ebtar\u00ebsin\u00eb e PD n\u00eb Tiran\u00eb\/ Berisha: Do t\u00eb vazhdoj n\u00eb t\u00eb gjith\u00eb Shqip\u00ebrin\u00eb\u2026"},"content":{"rendered":"<p>Ish-kryeministri Sali Berisha, ka treguar se dit\u00ebn e enjte do t\u00eb zhvilloj\u00eb takimin e par\u00eb me an\u00ebtar\u00ebsin\u00eb e PD n\u00eb Tiran\u00eb, nd\u00ebrsa m\u00eb pas do t\u00eb vazhdoj\u00eb n\u00eb t\u00eb gjith\u00eb Shqip\u00ebrin\u00eb.<\/p>\n<p>Ai tha se l\u00ebvizja e ij \u00ebsht\u00eb p\u00ebr bashkimin dhe zmadhimin e PD-s\u00eb, dhe jo p\u00ebr ta p\u00ebr\u00e7ar\u00eb partin\u00eb.<\/p>\n<p>\u201cBasha vepron p\u00ebr interesin e tij. Basha e ka marr\u00eb k\u00ebt\u00eb vendim p\u00ebr pazar ose interes personal. Takimi im i pare me an\u00ebtar\u00ebsin\u00eb e PD do jet\u00eb n\u00eb Tiran\u00eb t\u00eb enjten dhe m\u00eb pas n\u00eb t\u00eb gjith\u00eb Shqip\u00ebrin\u00eb. L\u00ebvizja ime ka si synim q\u00eb t\u00eb vendoset dinjiteti i \u00e7do an\u00ebtari t\u00eb PD-s\u00eb, t\u00eb ket\u00eb edhe hapje n\u00eb Partin\u00eb Demokratike, patjet\u00ebr.<\/p>\n<p>PD i ka jetike flukset e reja, q\u00eb t\u00eb vijn\u00eb t\u00eb rinj e t\u00eb reja, por edhe burra e gra. Ka forca PD, n\u00eb K\u00ebshill Komb\u00ebtar, parlament, duhet t\u2019i hapet frym\u00ebmarrja Partis\u00eb Demokratike. L\u00ebvizja ime \u00ebsht\u00eb p\u00ebr bashkimin dhe zmadhimin e PD-s\u00eb\u201d, deklaroi Berisha.<\/p>\n","protected":false},"excerpt":{"rendered":"<p>Ish-kryeministri Sali Berisha, ka treguar se dit\u00ebn e enjte do t\u00eb zhvilloj\u00eb takimin e par\u00eb me an\u00ebtar\u00ebsin\u00eb e PD n\u00eb Tiran\u00eb, nd\u00ebrsa m\u00eb pas do t\u00eb vazhdoj\u00eb n\u00eb t\u00eb gjith\u00eb Shqip\u00ebrin\u00eb. Ai tha se l\u00ebvizja e ij \u00ebsht\u00eb p\u00ebr bashkimin dhe zmadhimin e PD-s\u00eb, dhe jo p\u00ebr ta p\u00ebr\u00e7ar\u00eb partin\u00eb. \u201cBasha vepron p\u00ebr interesin e [&hellip;]<\/p>\n","protected":false},"author":2016,"featured_media":188613,"comment_status":"closed","ping_status":"closed","sticky":false,"template":"","format":"standard","meta":{"footnotes":""},"categories":[241,1454],"tags":[],"class_list":{"0":"post-202184","1":"post","2":"type-post","3":"status-publish","4":"format-standard","5":"has-post-thumbnail","7":"category-aktualitet","8":"category-politike"},"_links":{"self":[{"href":"https:\/\/zjarr.tv\/sq\/wp-json\/wp\/v2\/posts\/202184","targetHints":{"allow":["GET"]}}],"collection":[{"href":"https:\/\/zjarr.tv\/sq\/wp-json\/wp\/v2\/posts"}],"about":[{"href":"https:\/\/zjarr.tv\/sq\/wp-json\/wp\/v2\/types\/post"}],"author":[{"embeddable":true,"href":"https:\/\/zjarr.tv\/sq\/wp-json\/wp\/v2\/users\/2016"}],"replies":[{"embeddable":true,"href":"https:\/\/zjarr.tv\/sq\/wp-json\/wp\/v2\/comments?post=202184"}],"version-history":[{"count":0,"href":"https:\/\/zjarr.tv\/sq\/wp-json\/wp\/v2\/posts\/202184\/revisions"}],"wp:featuredmedia":[{"embeddable":true,"href":"https:\/\/zjarr.tv\/sq\/wp-json\/wp\/v2\/media\/188613"}],"wp:attachment":[{"href":"https:\/\/zjarr.tv\/sq\/wp-json\/wp\/v2\/media?parent=202184"}],"wp:term":[{"taxonomy":"category","embeddable":true,"href":"https:\/\/zjarr.tv\/sq\/wp-json\/wp\/v2\/categories?post=202184"},{"taxonomy":"post_tag","embeddable":true,"href":"https:\/\/zjarr.tv\/sq\/wp-json\/wp\/v2\/tags?post=202184"}],"curies":[{"name":"wp","href":"https:\/\/api.w.org\/{rel}","templated":true}]}}