{"id":202196,"date":"2021-09-14T10:51:27","date_gmt":"2021-09-14T08:51:27","guid":{"rendered":"https:\/\/zjarr.tv\/?p=202196"},"modified":"2021-09-14T10:51:27","modified_gmt":"2021-09-14T08:51:27","slug":"merkel-pritet-me-ceremoni-nga-rama-te-pallati-i-brigadave","status":"publish","type":"post","link":"https:\/\/zjarr.tv\/sq\/merkel-pritet-me-ceremoni-nga-rama-te-pallati-i-brigadave\/","title":{"rendered":"Merkel pritet me ceremoni nga Rama te Pallati i Brigadave\u2026"},"content":{"rendered":"<p>Kryeministri Edi Rama ka pritur n\u00eb Pallatin e Brigadave, Kancelaren gjarmane Angela Merkel. Kancelarja gjermane ndodhet n\u00eb Tiran\u00eb, ku do t\u00eb takohet me lider\u00ebt e Ballkanit Per\u00ebndimor n\u00eb kuad\u00ebr t\u00eb Procesit t\u00eb Berlinit.<\/p>\n<p>Merkel u prit fillimisht n\u00eb Rinas nga Ministrja e Jashtme Olta Xha\u00e7ka dhe ambasadori gjerman n\u00eb Shqip\u00ebri, Peter Zingraf.<\/p>\n<p>Pas mb\u00ebrritjes n\u00eb Tiran\u00eb, t\u00eb parin q\u00eb takoi Merkel ishte Kryeministri Edi Rama, me ceremoni protokollare t\u00eb zhvilluar n\u00eb Pallatin e Brigadave.<\/p>\n<p>N\u00eb or\u00ebn 12:00 do t\u00eb mbahet takimi me lider\u00ebt e Ballkanit, nd\u00ebrsa n\u00eb or\u00ebn 14.35 kancelarja dhe Rama do t\u00eb ken\u00eb nj\u00eb konferenc\u00eb t\u00eb p\u00ebrbashk\u00ebt p\u00ebr shtyp. Dje Merkel ishte n\u00eb Beograd, ku u takua me presidentin serb Aleksand\u00ebr Vu\u00e7i\u00e7.<\/p>\n<p>Kjo \u00ebsht\u00eb vizita e fundit e saj n\u00eb Ballkan, pasi n\u00eb fund t\u00eb Shtatorit dor\u00ebzon detyr\u00ebn si kancelare, pas 16 vitesh.<\/p>\n","protected":false},"excerpt":{"rendered":"<p>Kryeministri Edi Rama ka pritur n\u00eb Pallatin e Brigadave, Kancelaren gjarmane Angela Merkel. Kancelarja gjermane ndodhet n\u00eb Tiran\u00eb, ku do t\u00eb takohet me lider\u00ebt e Ballkanit Per\u00ebndimor n\u00eb kuad\u00ebr t\u00eb Procesit t\u00eb Berlinit. Merkel u prit fillimisht n\u00eb Rinas nga Ministrja e Jashtme Olta Xha\u00e7ka dhe ambasadori gjerman n\u00eb Shqip\u00ebri, Peter Zingraf. Pas mb\u00ebrritjes n\u00eb [&hellip;]<\/p>\n","protected":false},"author":2016,"featured_media":202197,"comment_status":"closed","ping_status":"closed","sticky":false,"template":"","format":"standard","meta":{"footnotes":""},"categories":[241,1454],"tags":[],"class_list":{"0":"post-202196","1":"post","2":"type-post","3":"status-publish","4":"format-standard","5":"has-post-thumbnail","7":"category-aktualitet","8":"category-politike"},"_links":{"self":[{"href":"https:\/\/zjarr.tv\/sq\/wp-json\/wp\/v2\/posts\/202196","targetHints":{"allow":["GET"]}}],"collection":[{"href":"https:\/\/zjarr.tv\/sq\/wp-json\/wp\/v2\/posts"}],"about":[{"href":"https:\/\/zjarr.tv\/sq\/wp-json\/wp\/v2\/types\/post"}],"author":[{"embeddable":true,"href":"https:\/\/zjarr.tv\/sq\/wp-json\/wp\/v2\/users\/2016"}],"replies":[{"embeddable":true,"href":"https:\/\/zjarr.tv\/sq\/wp-json\/wp\/v2\/comments?post=202196"}],"version-history":[{"count":0,"href":"https:\/\/zjarr.tv\/sq\/wp-json\/wp\/v2\/posts\/202196\/revisions"}],"wp:featuredmedia":[{"embeddable":true,"href":"https:\/\/zjarr.tv\/sq\/wp-json\/wp\/v2\/media\/202197"}],"wp:attachment":[{"href":"https:\/\/zjarr.tv\/sq\/wp-json\/wp\/v2\/media?parent=202196"}],"wp:term":[{"taxonomy":"category","embeddable":true,"href":"https:\/\/zjarr.tv\/sq\/wp-json\/wp\/v2\/categories?post=202196"},{"taxonomy":"post_tag","embeddable":true,"href":"https:\/\/zjarr.tv\/sq\/wp-json\/wp\/v2\/tags?post=202196"}],"curies":[{"name":"wp","href":"https:\/\/api.w.org\/{rel}","templated":true}]}}