{"id":202214,"date":"2021-09-14T12:55:13","date_gmt":"2021-09-14T10:55:13","guid":{"rendered":"https:\/\/zjarr.tv\/?p=202214"},"modified":"2021-09-14T12:55:13","modified_gmt":"2021-09-14T10:55:13","slug":"nuk-e-paguan-per-punen-e-bere-i-riu-shkaterron-kamionet-e-nderrmarrjes-ku-punonte","status":"publish","type":"post","link":"https:\/\/zjarr.tv\/sq\/nuk-e-paguan-per-punen-e-bere-i-riu-shkaterron-kamionet-e-nderrmarrjes-ku-punonte\/","title":{"rendered":"Nuk e paguan p\u00ebr pun\u00ebn e b\u00ebr\u00eb, i riu shkat\u00ebrron kamion\u00ebt e nd\u00ebrrmarrjes ku punonte\u2026"},"content":{"rendered":"<p style=\"line-height: 19.5pt; background: white; vertical-align: baseline; margin: 0in 0in 12.0pt 0in;\"><span style=\"color: black;\">Nj\u00eb i ri\u00a0turk, q\u00eb punonte si operator ekskavatori n\u00eb nj\u00eb\u00a0minier\u00eb qymyri, reagoi ashp\u00ebr kur u informua se\u00a0paga e\u00a0tij\u00a0po shtyhej edhe nj\u00eb her\u00eb.<\/span><\/p>\n<p style=\"line-height: 19.5pt; background: white; vertical-align: baseline; box-sizing: border-box; font-variant-ligatures: normal; font-variant-caps: normal; orphans: 2; text-align: start; widows: 2; -webkit-text-stroke-width: 0px; list-style-position: outside; word-spacing: 0px; margin: 0in 0in 12.0pt 0in;\"><span style=\"color: black;\">I zem\u00ebruar, ai shkat\u00ebrroi me\u00a0ekskavator kabinat e pes\u00eb kamion\u00ebve t\u00eb\u00a0parkuar n\u00eb vend.<\/span><\/p>\n<p style=\"line-height: 19.5pt; background: white; vertical-align: baseline; margin: 0in 0in 12.0pt 0in;\"><span style=\"color: black;\">Nj\u00eb kamera e telefonit celular regjistroi zem\u00ebrimin e punonj\u00ebsit, i cili u qet\u00ebsua dhe ndaloi pun\u00ebn e tij shkat\u00ebrruese, pas nd\u00ebrhyrjes s\u00eb koleg\u00ebve t\u00eb tij.<\/span><\/p>\n<p style=\"line-height: 19.5pt; background: white; vertical-align: baseline; box-sizing: border-box; font-variant-ligatures: normal; font-variant-caps: normal; orphans: 2; text-align: start; widows: 2; -webkit-text-stroke-width: 0px; list-style-position: outside; word-spacing: 0px; margin: 0in 0in 12.0pt 0in;\"><span style=\"color: black;\">Videoja, e cila transmetohet n\u00eb\u00a0rrjetet sociale\u00a0turke,\u00a0\u00ebsht\u00eb b\u00ebr\u00eb virale, me shum\u00eb p\u00ebrdorues q\u00eb justifikojn\u00eb reagimin e punonj\u00ebsit t\u00eb papaguar, dhe t\u00eb tjer\u00ebt jo.<\/span><\/p>\n","protected":false},"excerpt":{"rendered":"<p>Nj\u00eb i ri\u00a0turk, q\u00eb punonte si operator ekskavatori n\u00eb nj\u00eb\u00a0minier\u00eb qymyri, reagoi ashp\u00ebr kur u informua se\u00a0paga e\u00a0tij\u00a0po shtyhej edhe nj\u00eb her\u00eb. I zem\u00ebruar, ai shkat\u00ebrroi me\u00a0ekskavator kabinat e pes\u00eb kamion\u00ebve t\u00eb\u00a0parkuar n\u00eb vend. Nj\u00eb kamera e telefonit celular regjistroi zem\u00ebrimin e punonj\u00ebsit, i cili u qet\u00ebsua dhe ndaloi pun\u00ebn e tij shkat\u00ebrruese, pas nd\u00ebrhyrjes [&hellip;]<\/p>\n","protected":false},"author":2016,"featured_media":202217,"comment_status":"closed","ping_status":"closed","sticky":false,"template":"","format":"standard","meta":{"footnotes":""},"categories":[191],"tags":[],"class_list":{"0":"post-202214","1":"post","2":"type-post","3":"status-publish","4":"format-standard","5":"has-post-thumbnail","7":"category-bota"},"_links":{"self":[{"href":"https:\/\/zjarr.tv\/sq\/wp-json\/wp\/v2\/posts\/202214","targetHints":{"allow":["GET"]}}],"collection":[{"href":"https:\/\/zjarr.tv\/sq\/wp-json\/wp\/v2\/posts"}],"about":[{"href":"https:\/\/zjarr.tv\/sq\/wp-json\/wp\/v2\/types\/post"}],"author":[{"embeddable":true,"href":"https:\/\/zjarr.tv\/sq\/wp-json\/wp\/v2\/users\/2016"}],"replies":[{"embeddable":true,"href":"https:\/\/zjarr.tv\/sq\/wp-json\/wp\/v2\/comments?post=202214"}],"version-history":[{"count":0,"href":"https:\/\/zjarr.tv\/sq\/wp-json\/wp\/v2\/posts\/202214\/revisions"}],"wp:featuredmedia":[{"embeddable":true,"href":"https:\/\/zjarr.tv\/sq\/wp-json\/wp\/v2\/media\/202217"}],"wp:attachment":[{"href":"https:\/\/zjarr.tv\/sq\/wp-json\/wp\/v2\/media?parent=202214"}],"wp:term":[{"taxonomy":"category","embeddable":true,"href":"https:\/\/zjarr.tv\/sq\/wp-json\/wp\/v2\/categories?post=202214"},{"taxonomy":"post_tag","embeddable":true,"href":"https:\/\/zjarr.tv\/sq\/wp-json\/wp\/v2\/tags?post=202214"}],"curies":[{"name":"wp","href":"https:\/\/api.w.org\/{rel}","templated":true}]}}