{"id":202225,"date":"2021-09-14T13:43:35","date_gmt":"2021-09-14T11:43:35","guid":{"rendered":"https:\/\/zjarr.tv\/?p=202225"},"modified":"2021-09-14T13:43:35","modified_gmt":"2021-09-14T11:43:35","slug":"angela-merkel-e-veshur-me-xhakete-blu-mesazhi-qe-jep-kancelarja-permes-kesaj-ngjyre","status":"publish","type":"post","link":"https:\/\/zjarr.tv\/sq\/angela-merkel-e-veshur-me-xhakete-blu-mesazhi-qe-jep-kancelarja-permes-kesaj-ngjyre\/","title":{"rendered":"Angela Merkel e veshur me xhaket\u00eb blu, mesazhi q\u00eb jep kancelarja p\u00ebrmes k\u00ebsaj ngjyre\u2026"},"content":{"rendered":"<p>Kancelarja gjermane Angela Merkel, zbriti sot n\u00eb tok\u00ebn shqiptare me xhaket\u00eb ngjyr\u00eb blu. Dhe kjo zgjedhje nuk \u00ebsht\u00eb rast\u00ebsore. Merkel mban nj\u00eb kod t\u00eb sajin t\u00eb personalizuar p\u00ebr \u00e7do ngjyr\u00eb xhakete, n\u00eb var\u00ebsi t\u00eb takimit apo vizit\u00ebs q\u00eb ka t\u00eb planifikuar.<\/p>\n<p>K\u00ebshtu pra n\u00eb rastin konkret, kancelarja vishet me blu kur udh\u00ebton jasht\u00eb vendit, dhe jep imazhin se \u00ebsht\u00eb objektive, ka harmoni dhe i jep r\u00ebnd\u00ebsi asaj q\u00eb po b\u00ebn.<\/p>\n<p>Dje n\u00eb Serbi Merkel zgjodhi nj\u00eb xhaket\u00eb t\u00eb verdh\u00eb, e cila bashk\u00eb me t\u00eb kuqen jan\u00eb ngjyra q\u00eb kancelarja i preferon p\u00ebr t\u2019i veshur vet\u00ebm brenda Gjermanis\u00eb.<\/p>\n<p>Kur ajo vishet me jeshile, kancelarja i kushton nj\u00eb r\u00ebnd\u00ebsi t\u00eb madhe asaj q\u00eb d\u00ebshiron t\u00eb p\u00ebrcjell\u00eb p\u00ebr publikun, shenj\u00eb konsensusi, ose zgjedh t\u00eb p\u00ebrcjell\u00eb vendime politike q\u00eb nuk kan\u00eb mb\u00ebshtetje t\u00eb gjer\u00eb n\u00eb publik.<\/p>\n<p>Vishet me nuanca t\u00eb jeshiles kur do t\u00eb shprehi kompetenc\u00eb t\u00eb plot\u00eb, ngjyrat neutrale i zgjedh p\u00ebr eventet formale brenda Gjermanis\u00eb, nd\u00ebrsa ngjyrat e forta jan\u00eb rezervuar enkas p\u00ebr takimet nd\u00ebrkomb\u00ebtare ose m\u00eb pak formale se zakonisht. Xhaketat gri i preferon p\u00ebr takimet kok\u00eb m\u00eb kok\u00eb, p\u00ebr t\u00eb barazuar hap\u00ebsir\u00ebn vizuale. Merkel preferon ngjyr\u00ebn roz\u00eb dhe portokalli p\u00ebr eventet me qytetar\u00ebt, p\u00ebr t\u00eb shprehur k\u00ebshtu optimiz\u00ebm.<\/p>\n<p>E kuqja \u00ebsht\u00eb ngjyra e pushtetit, e pasionit dhe energjis\u00eb. Merkel shpesh vesh rroba n\u00eb t\u00eb kuqe dhe t\u00eb verdh\u00eb p\u00ebr raste \u201ct\u00eb brendshme\u201d, dometh\u00ebn\u00eb kur \u00ebsht\u00eb n\u00eb Gjermani. Nd\u00ebrsa kur vishet me t\u00eb zeza jep mesazhin se vendi prit\u00ebs nuk e ka pun\u00ebn dhe aq mir\u00eb.<\/p>\n","protected":false},"excerpt":{"rendered":"<p>Kancelarja gjermane Angela Merkel, zbriti sot n\u00eb tok\u00ebn shqiptare me xhaket\u00eb ngjyr\u00eb blu. Dhe kjo zgjedhje nuk \u00ebsht\u00eb rast\u00ebsore. Merkel mban nj\u00eb kod t\u00eb sajin t\u00eb personalizuar p\u00ebr \u00e7do ngjyr\u00eb xhakete, n\u00eb var\u00ebsi t\u00eb takimit apo vizit\u00ebs q\u00eb ka t\u00eb planifikuar. K\u00ebshtu pra n\u00eb rastin konkret, kancelarja vishet me blu kur udh\u00ebton jasht\u00eb vendit, dhe [&hellip;]<\/p>\n","protected":false},"author":2016,"featured_media":202226,"comment_status":"closed","ping_status":"closed","sticky":false,"template":"","format":"standard","meta":{"footnotes":""},"categories":[241],"tags":[],"class_list":{"0":"post-202225","1":"post","2":"type-post","3":"status-publish","4":"format-standard","5":"has-post-thumbnail","7":"category-aktualitet"},"_links":{"self":[{"href":"https:\/\/zjarr.tv\/sq\/wp-json\/wp\/v2\/posts\/202225","targetHints":{"allow":["GET"]}}],"collection":[{"href":"https:\/\/zjarr.tv\/sq\/wp-json\/wp\/v2\/posts"}],"about":[{"href":"https:\/\/zjarr.tv\/sq\/wp-json\/wp\/v2\/types\/post"}],"author":[{"embeddable":true,"href":"https:\/\/zjarr.tv\/sq\/wp-json\/wp\/v2\/users\/2016"}],"replies":[{"embeddable":true,"href":"https:\/\/zjarr.tv\/sq\/wp-json\/wp\/v2\/comments?post=202225"}],"version-history":[{"count":0,"href":"https:\/\/zjarr.tv\/sq\/wp-json\/wp\/v2\/posts\/202225\/revisions"}],"wp:featuredmedia":[{"embeddable":true,"href":"https:\/\/zjarr.tv\/sq\/wp-json\/wp\/v2\/media\/202226"}],"wp:attachment":[{"href":"https:\/\/zjarr.tv\/sq\/wp-json\/wp\/v2\/media?parent=202225"}],"wp:term":[{"taxonomy":"category","embeddable":true,"href":"https:\/\/zjarr.tv\/sq\/wp-json\/wp\/v2\/categories?post=202225"},{"taxonomy":"post_tag","embeddable":true,"href":"https:\/\/zjarr.tv\/sq\/wp-json\/wp\/v2\/tags?post=202225"}],"curies":[{"name":"wp","href":"https:\/\/api.w.org\/{rel}","templated":true}]}}