{"id":202233,"date":"2021-09-14T14:11:29","date_gmt":"2021-09-14T12:11:29","guid":{"rendered":"https:\/\/zjarr.tv\/?p=202233"},"modified":"2021-09-14T14:11:29","modified_gmt":"2021-09-14T12:11:29","slug":"rama-shton-12-mije-te-punesuar-ne-shtet-niveli-me-i-larte-qe-nga-viti-2002","status":"publish","type":"post","link":"https:\/\/zjarr.tv\/sq\/rama-shton-12-mije-te-punesuar-ne-shtet-niveli-me-i-larte-qe-nga-viti-2002\/","title":{"rendered":"Rama shton 12 mij\u00eb t\u00eb pun\u00ebsuar n\u00eb shtet, niveli m\u00eb i lart\u00eb q\u00eb nga viti 2002\u2026"},"content":{"rendered":"<p>Numri i t\u00eb pun\u00ebsuarve n\u00eb sektorin public, arriti n\u00eb 185 mij\u00eb vet\u00eb n\u00eb fund t\u00eb qershorit, me nj\u00eb rritje dramatike prej 12 mij\u00eb vet\u00ebsh ose 7% n\u00eb krahasim me qershorin 2020, b\u00ebhet e ditur nga statistikat zyrtare t\u00eb publikuara nga Instituti i Statistikave.<\/p>\n<p>Nj\u00eb vit m\u00eb par\u00eb, t\u00eb pun\u00ebsuarit n\u00eb shtet ishin 173 mij\u00eb vet\u00eb nd\u00ebrsa n\u00eb vitin 2013, kur kryeministri aktual mori pushtetin, ishin 164 mij\u00eb vet\u00eb nd\u00ebrsa t\u00eb pun\u00ebsuarit nuk u shtuan deri n\u00eb vitin 2017. N\u00eb fakt, statistikat e INSTAT tregojn\u00eb se rritja e numrit t\u00eb t\u00eb pun\u00ebsuarve n\u00eb shtet filloi n\u00eb vitin 2018 nd\u00ebrsa rritja m\u00eb e madhe u krye gjat\u00eb tremujorit t\u00eb kat\u00ebrt t\u00eb vitit t\u00eb kaluar, nd\u00ebrsa qeveria e kryeministrit Edi Rama p\u00ebrgatitej p\u00ebr zgjedhje.<\/p>\n<p>N\u00eb fund t\u00eb shtatorit, sektori publik num\u00ebronte 172 mij\u00eb t\u00eb pun\u00ebsuar nd\u00ebrsa n\u00eb fund t\u00eb dhjetorit, 182 mij\u00eb vet\u00eb.<\/p>\n<p>Qeveria nuk ka dh\u00ebn\u00eb shpjegime se p\u00ebr \u00e7far\u00eb arsye kaq shum\u00eb njer\u00ebz jan\u00eb pun\u00ebsuar rishtaz. Aktualisht 26% ose nj\u00eb n\u00eb kat\u00ebr shqiptar\u00eb t\u00eb pun\u00ebsuar i p\u00ebrkasin sektorit publik, ku p\u00ebrfshihet qeveria qendrore, pushteti vendor dhe nd\u00ebrmarrjet shtet\u00ebrore, t\u00eb tilla si OSHEE apo uj\u00ebsjell\u00ebsat.<\/p>\n<p>Shqip\u00ebria ka pasur tendenc\u00ebn e pak\u00ebsimit t\u00eb t\u00eb pun\u00ebsuarve n\u00eb sektorin publik q\u00eb nga r\u00ebnia e komunizmit, pjes\u00ebrisht p\u00ebr shkak se shteti ishte i mbingarkuar me punonj\u00ebs pa produktivitet dhe pjes\u00ebrisht p\u00ebr shkak se popullsia e vendit ka ardhur vazhdimisht n\u00eb r\u00ebnie. Her\u00ebn e fundit kur Shqip\u00ebria kishte kaq shum\u00eb t\u00eb pun\u00ebsuar n\u00eb shtet ishte viti 2002.\/Birn<\/p>\n","protected":false},"excerpt":{"rendered":"<p>Numri i t\u00eb pun\u00ebsuarve n\u00eb sektorin public, arriti n\u00eb 185 mij\u00eb vet\u00eb n\u00eb fund t\u00eb qershorit, me nj\u00eb rritje dramatike prej 12 mij\u00eb vet\u00ebsh ose 7% n\u00eb krahasim me qershorin 2020, b\u00ebhet e ditur nga statistikat zyrtare t\u00eb publikuara nga Instituti i Statistikave. Nj\u00eb vit m\u00eb par\u00eb, t\u00eb pun\u00ebsuarit n\u00eb shtet ishin 173 mij\u00eb vet\u00eb [&hellip;]<\/p>\n","protected":false},"author":2016,"featured_media":202234,"comment_status":"closed","ping_status":"closed","sticky":false,"template":"","format":"standard","meta":{"footnotes":""},"categories":[241,1454],"tags":[5029],"class_list":{"0":"post-202233","1":"post","2":"type-post","3":"status-publish","4":"format-standard","5":"has-post-thumbnail","7":"category-aktualitet","8":"category-politike","9":"tag-lajme-zjarr-rama-shton-12-mije-te-punesuar-ne-shtet-zjarr-tv"},"_links":{"self":[{"href":"https:\/\/zjarr.tv\/sq\/wp-json\/wp\/v2\/posts\/202233","targetHints":{"allow":["GET"]}}],"collection":[{"href":"https:\/\/zjarr.tv\/sq\/wp-json\/wp\/v2\/posts"}],"about":[{"href":"https:\/\/zjarr.tv\/sq\/wp-json\/wp\/v2\/types\/post"}],"author":[{"embeddable":true,"href":"https:\/\/zjarr.tv\/sq\/wp-json\/wp\/v2\/users\/2016"}],"replies":[{"embeddable":true,"href":"https:\/\/zjarr.tv\/sq\/wp-json\/wp\/v2\/comments?post=202233"}],"version-history":[{"count":0,"href":"https:\/\/zjarr.tv\/sq\/wp-json\/wp\/v2\/posts\/202233\/revisions"}],"wp:featuredmedia":[{"embeddable":true,"href":"https:\/\/zjarr.tv\/sq\/wp-json\/wp\/v2\/media\/202234"}],"wp:attachment":[{"href":"https:\/\/zjarr.tv\/sq\/wp-json\/wp\/v2\/media?parent=202233"}],"wp:term":[{"taxonomy":"category","embeddable":true,"href":"https:\/\/zjarr.tv\/sq\/wp-json\/wp\/v2\/categories?post=202233"},{"taxonomy":"post_tag","embeddable":true,"href":"https:\/\/zjarr.tv\/sq\/wp-json\/wp\/v2\/tags?post=202233"}],"curies":[{"name":"wp","href":"https:\/\/api.w.org\/{rel}","templated":true}]}}