{"id":202240,"date":"2021-09-14T14:41:21","date_gmt":"2021-09-14T12:41:21","guid":{"rendered":"https:\/\/zjarr.tv\/?p=202240"},"modified":"2021-09-14T14:41:37","modified_gmt":"2021-09-14T12:41:37","slug":"festivali-kulturor-shqiperi-izrael-erion-veliaj-jam-krenar-shtepite-ku-u-strehuan-hebrenjte-ne-tirane-do-te-kthehen-ne-muze","status":"publish","type":"post","link":"https:\/\/zjarr.tv\/sq\/festivali-kulturor-shqiperi-izrael-erion-veliaj-jam-krenar-shtepite-ku-u-strehuan-hebrenjte-ne-tirane-do-te-kthehen-ne-muze\/","title":{"rendered":"Festivali Kulturor Shqip\u00ebri-Izrael\/ Erion Veliaj: Jam krenar, sht\u00ebpit\u00eb ku u strehuan hebrenjt\u00eb n\u00eb Tiran\u00eb do t\u00eb kthehen n\u00eb muze\u2026"},"content":{"rendered":"<p style=\"margin: 0in; line-height: 19.5pt; background: white; vertical-align: baseline;\"><span style=\"color: #404040;\">Festivali i p\u00ebrbashk\u00ebt kulturor Shqip\u00ebri-Izrael q\u00eb po zhvillohet n\u00eb Tiran\u00eb, ka rikthyer edhe nj\u00ebher\u00eb v\u00ebmendjen te mikpritja shqiptare, e cila sikurse u shkrua n\u00eb historin\u00eb e pas Luft\u00ebs s\u00eb Dyt\u00eb Bot\u00ebrore me hebrenjt\u00eb, po p\u00ebrs\u00ebritet me qytetar\u00ebt afgan\u00eb sot, t\u00eb cil\u00ebt kan\u00eb gjetur nj\u00eb streh\u00eb t\u00eb sigurt\u00eb n\u00eb vendin ton\u00eb. <\/span><\/p>\n<p>&nbsp;<\/p>\n<p style=\"margin: 0in; line-height: 19.5pt; background: white; vertical-align: baseline;\"><span style=\"color: #404040;\">Kryetari i Bashkis\u00eb s\u00eb Tiran\u00ebs Erion Veliaj, i cili s\u00eb bashku me ambasadoren e Shteteve t\u00eb Bashkuara t\u00eb Amerik\u00ebs, Yuri Kim, ishin t\u00eb ftuar nderi n\u00eb mbr\u00ebmjen e dyt\u00eb t\u00eb eventit me fokus marr\u00ebdh\u00ebniet nd\u00ebrmjet popullit shqiptar dhe atij hebre, u shpreh krenar p\u00ebr mbrojtjen e hebrenjve n\u00eb vendin ton\u00eb p\u00ebrgjat\u00eb Holokaustit.\u00a0<\/span><\/p>\n<p style=\"margin: 0in; line-height: 19.5pt; background: white; vertical-align: baseline; box-sizing: border-box; background-position-x: 0px; background-position-y: 0px;\"><i><span style=\"color: #404040;\">\u201cJam krenar q\u00eb jam shqiptar kur d\u00ebgjoj historin\u00eb e nj\u00eb qyteti, &#8211; q\u00eb sot kam un\u00eb fatin ta drejtoj, &#8211; i cili fillimisht kishte vet\u00ebm 200 hebrenj dhe n\u00eb fund t\u00eb luft\u00ebs, n\u00eb finale t\u00eb asaj drame t\u00eb madhe bot\u00ebrore kishte 2 mij\u00eb t\u00eb till\u00eb. M\u00eb vjen mir\u00eb, q\u00eb, edhe n\u00eb dit\u00ebt e sotme ne jemi besnik\u00eb t\u00eb k\u00ebsaj historie. Kur mendoj p\u00ebr muxhahedin\u00ebt q\u00eb erdh\u00ebn nga Irani dhe i rezistonin regjimit t\u00eb Ajatollah\u00ebve ekstremist\u00eb n\u00eb Iran, fillimisht n\u00eb Tiran\u00eb p\u00ebr t\u2019u zhvendosur diku tjet\u00ebr, p\u00ebr miqt\u00eb, koleg\u00ebt, partner\u00ebt q\u00eb erdh\u00ebn nga Afganistani fillimisht n\u00eb Tiran\u00eb dhe pastaj p\u00ebr t\u2019u zhvendosur diku tjet\u00ebr, realisht m\u00eb b\u00ebn t\u00eb ndihem krenar,\u201d tha Veliaj.\u00a0<\/span><\/i><\/p>\n<p style=\"margin: 0in; line-height: 19.5pt; background: white; vertical-align: baseline;\"><i><span style=\"color: #404040;\">\u00a0<\/span><\/i><\/p>\n<p style=\"margin: 0in; line-height: 19.5pt; background: white; vertical-align: baseline;\"><span style=\"color: #404040;\">Kryebashkiaku ka shprehur mir\u00ebnjohjen e tij p\u00ebr popullin mikprit\u00ebs shqiptar.\u00a0<\/span><\/p>\n<p style=\"margin: 0in; line-height: 19.5pt; background: white; vertical-align: baseline; box-sizing: border-box; background-position-x: 0px; background-position-y: 0px;\"><i><span style=\"color: #404040;\">\u201cNuk ka r\u00ebnd\u00ebsi n\u00ebse kan\u00eb qen\u00eb v\u00ebllez\u00ebrit dhe motrat tona nga Izraeli hebraik n\u00eb vitet e Luft\u00ebs s\u00eb Dyt\u00eb Bot\u00ebrore, apo se ishin ata 3 mij\u00eb muxhahedin\u00eb q\u00eb l\u00ebviz\u00ebn nga kampi \u201cLiberty\u201d n\u00eb Irak prej sulmeve t\u00eb Ajatollah\u00ebve, radikal\u00ebve t\u00eb Iranit, apo n\u00ebse ishin v\u00ebllez\u00ebrit dhe motrat afgan\u00eb q\u00eb vrapuan p\u00ebr streh\u00eb, p\u00ebr mbrojtje, p\u00ebr jet\u00eb, nga reja e zez\u00eb e talebanit q\u00eb erdhi n\u00eb Afganistan, p\u00ebr sa koh\u00eb q\u00eb ne njihemi p\u00ebr k\u00ebta samaritan\u00eb t\u00eb mir\u00eb, \u00ebsht\u00eb gjithmon\u00eb nj\u00eb dit\u00eb e mir\u00eb p\u00ebr t\u00eb qen\u00eb shqiptar,\u201d deklaroi ai, duke shtuar se, jan\u00eb identifikuar tashm\u00eb nga Bashkia edhe disa nga sht\u00ebpit\u00eb kryesore ku komuniteti hebraik \u00ebsht\u00eb strehuar n\u00eb Tiran\u00eb, t\u00eb cilat do t\u00eb kthehen n\u00eb sht\u00ebpi muze.\u00a0<\/span><\/i><\/p>\n<p>&nbsp;<\/p>\n<p style=\"margin: 0in; line-height: 19.5pt; background: white; vertical-align: baseline; box-sizing: border-box; font-variant-ligatures: normal; font-variant-caps: normal; orphans: 2; text-align: start; widows: 2; -webkit-text-stroke-width: 0px; text-decoration-thickness: initial; text-decoration-style: initial; text-decoration-color: initial; background-position-x: 0px; background-position-y: 0px; word-spacing: 0px;\"><span style=\"color: #404040;\">Edhe ambasadorja Yuri Kim, u shpreh e befasuar nga ky virtyt i mikpritjes shqiptare.\u00a0<\/span><\/p>\n<p style=\"margin: 0in; line-height: 19.5pt; background: white; vertical-align: baseline; box-sizing: border-box; background-position-x: 0px; background-position-y: 0px;\"><i><span style=\"color: #404040;\">\u201cKa shum\u00eb gj\u00ebra q\u00eb thuhen p\u00ebr shqiptar\u00ebt dhe p\u00ebr Shqip\u00ebrin\u00eb, por, p\u00ebr mua, m\u00eb e v\u00ebrteta nd\u00ebr to \u00ebsht\u00eb ajo q\u00eb thuhet p\u00ebr shqiptar\u00ebt dhe p\u00ebr Shqip\u00ebrin\u00eb t\u00eb cil\u00ebt jan\u00eb njer\u00ebz t\u00eb mikpritjes dhe t\u00eb kuraj\u00ebs. Sa her\u00eb q\u00eb dikush \u00ebsht\u00eb n\u00eb nevoj\u00eb, shqiptar\u00ebt jan\u00eb t\u00eb gatsh\u00ebm t\u00eb ofrojn\u00eb dor\u00ebn e ndihm\u00ebs. Ata e b\u00ebn\u00eb k\u00ebt\u00eb p\u00ebrgjat\u00eb Luft\u00ebs s\u00eb Dyt\u00eb Bot\u00ebrore. Ata e rib\u00ebn\u00eb tani. N\u00eb situatat kur bota kalon n\u00eb momente kur duhet t\u00eb mbaj\u00eb sh\u00ebnime, shqiptar\u00ebt jan\u00eb t\u00eb gatsh\u00ebm t\u00eb ofrojn\u00eb buk\u00eb, krip\u00eb dhe zem\u00ebr. Jam v\u00ebrtet shum\u00eb krenare q\u00eb ndodhem n\u00eb mesin tuaj, por gjithashtu e di, si nj\u00eb qenie njer\u00ebzore n\u00ebse do rastis ndonj\u00ebher\u00eb t\u00eb jem n\u00eb v\u00ebshtir\u00ebsi, vendin ku mund t\u00eb vij t\u00eb strehohem, do vij n\u00eb Shqip\u00ebri. Mendoj q\u00eb k\u00ebto jan\u00eb m\u00ebsime q\u00eb duhet t\u2019i m\u00ebsoj\u00eb bota nga nj\u00eb vend kaq i vog\u00ebl. \u00cbsht\u00eb nj\u00eb vend i vog\u00ebl me zem\u00ebr kaq t\u00eb madhe,\u201d u shpreh diplomatja amerikane.\u00a0<\/span><\/i><\/p>\n<p>&nbsp;<\/p>\n<p style=\"margin: 0in; line-height: 19.5pt; background: white; vertical-align: baseline; box-sizing: border-box; background-position-x: 0px; background-position-y: 0px;\"><span style=\"color: #404040;\">N\u00eb mbr\u00ebmjen e dyt\u00eb t\u00eb Festivalit Kulturor Shqip\u00ebri-Izrael 2021, i cili po zhvillohet n\u00eb Tiran\u00eb nga data 12 deri n\u00eb 21 Shtator, u shfaq p\u00ebr her\u00eb t\u00eb par\u00eb edhe dokumentari \u201cKodi Shqiptar\u201d.<\/span><\/p>\n","protected":false},"excerpt":{"rendered":"<p>Festivali i p\u00ebrbashk\u00ebt kulturor Shqip\u00ebri-Izrael q\u00eb po zhvillohet n\u00eb Tiran\u00eb, ka rikthyer edhe nj\u00ebher\u00eb v\u00ebmendjen te mikpritja shqiptare, e cila sikurse u shkrua n\u00eb historin\u00eb e pas Luft\u00ebs s\u00eb Dyt\u00eb Bot\u00ebrore me hebrenjt\u00eb, po p\u00ebrs\u00ebritet me qytetar\u00ebt afgan\u00eb sot, t\u00eb cil\u00ebt kan\u00eb gjetur nj\u00eb streh\u00eb t\u00eb sigurt\u00eb n\u00eb vendin ton\u00eb. &nbsp; Kryetari i Bashkis\u00eb s\u00eb [&hellip;]<\/p>\n","protected":false},"author":2016,"featured_media":202241,"comment_status":"closed","ping_status":"closed","sticky":false,"template":"","format":"standard","meta":{"footnotes":""},"categories":[241,337],"tags":[4411],"class_list":{"0":"post-202240","1":"post","2":"type-post","3":"status-publish","4":"format-standard","5":"has-post-thumbnail","7":"category-aktualitet","8":"category-kulture","9":"tag-lajme-zjarr-erion-veliaj-zjarr-tv"},"_links":{"self":[{"href":"https:\/\/zjarr.tv\/sq\/wp-json\/wp\/v2\/posts\/202240","targetHints":{"allow":["GET"]}}],"collection":[{"href":"https:\/\/zjarr.tv\/sq\/wp-json\/wp\/v2\/posts"}],"about":[{"href":"https:\/\/zjarr.tv\/sq\/wp-json\/wp\/v2\/types\/post"}],"author":[{"embeddable":true,"href":"https:\/\/zjarr.tv\/sq\/wp-json\/wp\/v2\/users\/2016"}],"replies":[{"embeddable":true,"href":"https:\/\/zjarr.tv\/sq\/wp-json\/wp\/v2\/comments?post=202240"}],"version-history":[{"count":0,"href":"https:\/\/zjarr.tv\/sq\/wp-json\/wp\/v2\/posts\/202240\/revisions"}],"wp:featuredmedia":[{"embeddable":true,"href":"https:\/\/zjarr.tv\/sq\/wp-json\/wp\/v2\/media\/202241"}],"wp:attachment":[{"href":"https:\/\/zjarr.tv\/sq\/wp-json\/wp\/v2\/media?parent=202240"}],"wp:term":[{"taxonomy":"category","embeddable":true,"href":"https:\/\/zjarr.tv\/sq\/wp-json\/wp\/v2\/categories?post=202240"},{"taxonomy":"post_tag","embeddable":true,"href":"https:\/\/zjarr.tv\/sq\/wp-json\/wp\/v2\/tags?post=202240"}],"curies":[{"name":"wp","href":"https:\/\/api.w.org\/{rel}","templated":true}]}}