{"id":202244,"date":"2021-09-14T14:56:35","date_gmt":"2021-09-14T12:56:35","guid":{"rendered":"https:\/\/zjarr.tv\/?p=202244"},"modified":"2021-09-14T14:56:35","modified_gmt":"2021-09-14T12:56:35","slug":"akuza-e-forte-e-gazetarit-yuri-kim-premtim-kpk-shkarkoni-gjyqtaret-nga-veriu-se-do-u-zgjas-mandatin","status":"publish","type":"post","link":"https:\/\/zjarr.tv\/sq\/akuza-e-forte-e-gazetarit-yuri-kim-premtim-kpk-shkarkoni-gjyqtaret-nga-veriu-se-do-u-zgjas-mandatin\/","title":{"rendered":"Akuza e fort\u00eb e gazetarit\/ Yuri Kim premtim KPK: Shkarkoni gjyqtar\u00ebt nga Veriu, se do u zgjas mandatin\u2026"},"content":{"rendered":"<p>Gazetari Basir \u00c7ollaku, ka hedhur akuza t\u00eb forta ndaj procesit t\u00eb vettingut dhe institucionit t\u00eb KPK-s\u00eb.<\/p>\n<p>\u00c7ollaku shkruan n\u00eb Facebook, se ambasadorja Yuri Kim, u ka dh\u00ebn\u00eb garancin\u00eb dhe premtimin se do t\u00eb ju zgjas\u00eb mandatin, n\u00ebse do t\u00eb shkarkojn\u00eb sa m\u00eb shum\u00eb prokuror\u00eb dhe gjyqtar\u00eb nga veriu.<\/p>\n<p>&nbsp;<\/p>\n<p><strong> Reagimi i Basir \u00c7ollakut:<\/strong><\/p>\n<p><em>Burime t\u00eb besueshme nga KPK,\u00a0 b\u00ebjn\u00eb me dije se shk\u00eblqesit\u00eb e tyre amerikane, u kane ofruar garanci p\u00ebr zgjatje mandati deri ne fundvitin 2024.<\/em><\/p>\n<p><em>P\u00ebrve\u00e7 k\u00ebsaj kane marre ofert\u00eb qe ne mbyllje te mandatit ata do ken\u00eb statusin e an\u00ebtarit te Gjykat\u00ebs se Apelit Tirane ose Administratives nen drejtimin e Dvoranit.<\/em><\/p>\n<p><em>Te gjith\u00eb k\u00ebt\u00eb bereqet an\u00ebtaret e KPK do e p\u00ebrfitojn\u00eb n\u00ebse ata shkarkojn\u00eb sa me shume gjyqtare e prokurore nga trevat e veriut &#8230; sipas merakut Soros.<\/em><\/p>\n<p><em>Sepse te pabindurit vijn\u00eb nga bjeshk\u00ebt.<\/em><\/p>\n<p><em>E kjo lyp ndryshime kushtetuese, te cilat duan dhe vot\u00ebn e opozit\u00ebs!!!<\/em><\/p>\n","protected":false},"excerpt":{"rendered":"<p>Gazetari Basir \u00c7ollaku, ka hedhur akuza t\u00eb forta ndaj procesit t\u00eb vettingut dhe institucionit t\u00eb KPK-s\u00eb. \u00c7ollaku shkruan n\u00eb Facebook, se ambasadorja Yuri Kim, u ka dh\u00ebn\u00eb garancin\u00eb dhe premtimin se do t\u00eb ju zgjas\u00eb mandatin, n\u00ebse do t\u00eb shkarkojn\u00eb sa m\u00eb shum\u00eb prokuror\u00eb dhe gjyqtar\u00eb nga veriu. &nbsp; Reagimi i Basir \u00c7ollakut: Burime t\u00eb [&hellip;]<\/p>\n","protected":false},"author":2016,"featured_media":0,"comment_status":"closed","ping_status":"closed","sticky":false,"template":"","format":"standard","meta":{"footnotes":""},"categories":[241],"tags":[5030],"class_list":{"0":"post-202244","1":"post","2":"type-post","3":"status-publish","4":"format-standard","6":"category-aktualitet","7":"tag-lajme-zjarr-akuza-e-forte-e-gazetarit-zjarr-tv"},"_links":{"self":[{"href":"https:\/\/zjarr.tv\/sq\/wp-json\/wp\/v2\/posts\/202244","targetHints":{"allow":["GET"]}}],"collection":[{"href":"https:\/\/zjarr.tv\/sq\/wp-json\/wp\/v2\/posts"}],"about":[{"href":"https:\/\/zjarr.tv\/sq\/wp-json\/wp\/v2\/types\/post"}],"author":[{"embeddable":true,"href":"https:\/\/zjarr.tv\/sq\/wp-json\/wp\/v2\/users\/2016"}],"replies":[{"embeddable":true,"href":"https:\/\/zjarr.tv\/sq\/wp-json\/wp\/v2\/comments?post=202244"}],"version-history":[{"count":0,"href":"https:\/\/zjarr.tv\/sq\/wp-json\/wp\/v2\/posts\/202244\/revisions"}],"wp:attachment":[{"href":"https:\/\/zjarr.tv\/sq\/wp-json\/wp\/v2\/media?parent=202244"}],"wp:term":[{"taxonomy":"category","embeddable":true,"href":"https:\/\/zjarr.tv\/sq\/wp-json\/wp\/v2\/categories?post=202244"},{"taxonomy":"post_tag","embeddable":true,"href":"https:\/\/zjarr.tv\/sq\/wp-json\/wp\/v2\/tags?post=202244"}],"curies":[{"name":"wp","href":"https:\/\/api.w.org\/{rel}","templated":true}]}}