{"id":202250,"date":"2021-09-14T15:18:19","date_gmt":"2021-09-14T13:18:19","guid":{"rendered":"https:\/\/zjarr.tv\/?p=202250"},"modified":"2021-09-14T15:18:19","modified_gmt":"2021-09-14T13:18:19","slug":"zemra-ime-rreh-per-kete-rajon-angela-merkel-ne-interes-te-be-qe-ballkani-te-jete-pjese-pershendes-projektin-per-tregun-e-perbashket-rajonal","status":"publish","type":"post","link":"https:\/\/zjarr.tv\/sq\/zemra-ime-rreh-per-kete-rajon-angela-merkel-ne-interes-te-be-qe-ballkani-te-jete-pjese-pershendes-projektin-per-tregun-e-perbashket-rajonal\/","title":{"rendered":"Zemra ime rreh p\u00ebr k\u00ebt\u00eb Rajon\/ Angela Merkel: N\u00eb interes t\u00eb BE q\u00eb Ballkani t\u00eb jet\u00eb pjes\u00eb, p\u00ebrsh\u00ebndes projektin p\u00ebr tregun e p\u00ebrbashk\u00ebt rajonal\u2026"},"content":{"rendered":"<p>Kancelarja gjermane Angela Merkel dhe kryeministri Edi Rama, po mbajn\u00eb nj\u00eb konferenc\u00eb t\u00eb p\u00ebrbashk\u00ebt.<\/p>\n<p>N\u00eb fjal\u00ebn e saj Merkel u shpreh se ishte nj\u00eb bised\u00eb konstriktive dhe se kan\u00eb folur p\u00ebr Bashkimin Europian. Ajo shprehu keqardhje q\u00eb Shqip\u00ebria dhe Maqedonia e Veriut p\u00ebr shkak t\u00eb Bullgaris\u00eb, nuk u pranuan n\u00eb BE, gjat\u00eb presidenc\u00ebs s\u00eb Gjermanis\u00eb.<\/p>\n<p>Ajo nd\u00ebr t\u00eb tjera ka mb\u00ebshtetur bashkimin rajonal, duke th\u00ebn\u00eb se kjo ka ndihmuar shum\u00eb n\u00eb marrdh\u00ebnien e vendeve me nj\u00ebra-tjetr\u00ebn.<\/p>\n<p>\u201cDua t\u2019ju falernderoj q\u00eb dit\u00ebn mund t\u00eb realizonim nj\u00eb bised\u00eb bilaterale. Marrdh\u00ebdh\u00ebniet me dy vendeve \u00a0jan\u00eb shum\u00eb t\u00eb mira dhe mund ta zgjerojm\u00eb edhe m\u00eb pas. Dua t\u00eb p\u00ebrg\u00ebzoj Shqip\u00ebrin\u00eb p\u00ebr t\u00eb gjitha p\u00ebrpjekjet p\u00ebr t\u00eb rikonstriktuar drejt\u00ebsin si dhe p\u00ebr Shqip\u00ebrin\u00eb q\u00eb i ka p\u00ebrmbushur kushetet p\u00ebr t\u00eb nisur negociatat me BE. Edhe pse kjo nuk u realizua gjat\u00eb presidenc\u00ebs s\u00eb Gjermanis\u00eb p\u00ebr shkak t\u00eb vetos s\u00eb Bullaris\u00eb. Ne kemi treguar se jemi n\u00eb an\u00ebn tuaj n\u00eb k\u00ebt\u00eb proces. N\u00eb kuad\u00ebr t\u00eb bashk\u00ebpunimit rajonal q\u00eb prej dit\u00ebs s\u00eb 201, bashk\u00ebpunim q\u00eb ka rezalizuar nj\u00eb ndihm\u00eb shum\u00eb t\u00eb r\u00ebnd\u00ebsishme n\u00eb bashk\u00ebqeverisjen.<\/p>\n<p>Shum\u00eb\u00e7ka ka ndryshuar n\u00eb bashk\u00ebqen\u00ebsin\u00eb e shteteve n\u00eb Ballkanin Per\u00ebndimor. M\u00eb par\u00eb situata nuk ka qen\u00eb. Bashk\u00ebpunimi n\u00eb shum\u00eb dimensione \u00ebsht\u00eb konsoliduar n\u00eb m\u00ebnyr\u00eb t\u00eb vazhdueshme. Kemi folur shum\u00eb projekte infrastrukturore. N\u00ebse k\u00ebto vende do t\u00eb bashkohen me BE-n\u00eb do t\u00eb duhet t\u00eb p\u00ebrmbushin kushtet p\u00ebr neutralitetin e klim\u00ebs. Un\u00eb p\u00ebrsh\u00ebndes edhe projektin e tregut t\u00eb p\u00ebrbashk\u00ebt rajonal, me 4 lirit\u00eb si\u00e7 i quajm\u00eb. Jo t\u00eb gjitha vendet bashk\u00ebpunojn\u00eb nj\u00eblloj por sa m\u00eb shpejt t\u2019i bashkohen aq m\u00eb mir\u00eb do t\u00eb ec\u00eb procesi i Berlinit. Edhe nj\u00eb her\u00eb e theksoj se procesi i Berlinit nuk e z\u00ebvend\u00ebson procesin e an\u00ebtar\u00ebsimit n\u00eb Bashkimin Evropian.<\/p>\n<p>Ishte diskutim konstruktiv dhe tani do vijoj bisedat me to. N\u00eb 6 tetor do takohemi\u00a0 s\u00ebrish n\u00eb presidenc\u00ebn sllovene. Ishin biseda t\u00eb mira, konstruktive, do t\u00eb doja t\u2019ju falendroja. Un\u00eb jam e bindur q\u00eb n\u00eb k\u00ebndv\u00ebshtrimin gjeostrategjik, BE dhe Gjermania ka interes s\u00eb vetin n\u00eb an\u00ebtar\u00ebsimin e k\u00ebtyre vendeve n\u00eb BE. Zemra ime rreh p\u00ebr k\u00ebt\u00eb rajon. Ndoshta do t\u00eb m\u00eb ngacmoj\u00eb dielli t\u00eb vij dhe t\u00eb nxis dhe m\u00eb nga af\u00ebr k\u00ebto zhvillime\u201d, tha Merkel.<\/p>\n","protected":false},"excerpt":{"rendered":"<p>Kancelarja gjermane Angela Merkel dhe kryeministri Edi Rama, po mbajn\u00eb nj\u00eb konferenc\u00eb t\u00eb p\u00ebrbashk\u00ebt. N\u00eb fjal\u00ebn e saj Merkel u shpreh se ishte nj\u00eb bised\u00eb konstriktive dhe se kan\u00eb folur p\u00ebr Bashkimin Europian. Ajo shprehu keqardhje q\u00eb Shqip\u00ebria dhe Maqedonia e Veriut p\u00ebr shkak t\u00eb Bullgaris\u00eb, nuk u pranuan n\u00eb BE, gjat\u00eb presidenc\u00ebs s\u00eb Gjermanis\u00eb. [&hellip;]<\/p>\n","protected":false},"author":2016,"featured_media":202251,"comment_status":"closed","ping_status":"closed","sticky":false,"template":"","format":"standard","meta":{"footnotes":""},"categories":[241,1454],"tags":[],"class_list":{"0":"post-202250","1":"post","2":"type-post","3":"status-publish","4":"format-standard","5":"has-post-thumbnail","7":"category-aktualitet","8":"category-politike"},"_links":{"self":[{"href":"https:\/\/zjarr.tv\/sq\/wp-json\/wp\/v2\/posts\/202250","targetHints":{"allow":["GET"]}}],"collection":[{"href":"https:\/\/zjarr.tv\/sq\/wp-json\/wp\/v2\/posts"}],"about":[{"href":"https:\/\/zjarr.tv\/sq\/wp-json\/wp\/v2\/types\/post"}],"author":[{"embeddable":true,"href":"https:\/\/zjarr.tv\/sq\/wp-json\/wp\/v2\/users\/2016"}],"replies":[{"embeddable":true,"href":"https:\/\/zjarr.tv\/sq\/wp-json\/wp\/v2\/comments?post=202250"}],"version-history":[{"count":0,"href":"https:\/\/zjarr.tv\/sq\/wp-json\/wp\/v2\/posts\/202250\/revisions"}],"wp:featuredmedia":[{"embeddable":true,"href":"https:\/\/zjarr.tv\/sq\/wp-json\/wp\/v2\/media\/202251"}],"wp:attachment":[{"href":"https:\/\/zjarr.tv\/sq\/wp-json\/wp\/v2\/media?parent=202250"}],"wp:term":[{"taxonomy":"category","embeddable":true,"href":"https:\/\/zjarr.tv\/sq\/wp-json\/wp\/v2\/categories?post=202250"},{"taxonomy":"post_tag","embeddable":true,"href":"https:\/\/zjarr.tv\/sq\/wp-json\/wp\/v2\/tags?post=202250"}],"curies":[{"name":"wp","href":"https:\/\/api.w.org\/{rel}","templated":true}]}}