{"id":202253,"date":"2021-09-14T15:34:15","date_gmt":"2021-09-14T13:34:15","guid":{"rendered":"https:\/\/zjarr.tv\/?p=202253"},"modified":"2021-09-14T15:34:15","modified_gmt":"2021-09-14T13:34:15","slug":"perjashtimi-i-berishes-reagon-per-here-te-pare-armina-mevlani-mos-ia-qani-hallin","status":"publish","type":"post","link":"https:\/\/zjarr.tv\/sq\/perjashtimi-i-berishes-reagon-per-here-te-pare-armina-mevlani-mos-ia-qani-hallin\/","title":{"rendered":"P\u00ebrjashtimi i Berish\u00ebs\/ Reagon p\u00ebr her\u00eb t\u00eb par\u00eb Armina Mevlani: Mos ia qani hallin\u2026"},"content":{"rendered":"<p>P\u00ebrjashtimi i ish-kryeministrit Sali Berisha, nga grupi parlamentar i PD-s\u00eb gjat\u00eb dit\u00ebve t\u00eb fundit, ka qen\u00eb kryefjala n\u00eb t\u00eb gjitha mediat. S\u00eb fundmi, n\u00eb lidhje me k\u00ebt\u00eb ngjarje ka reaguar edhe partnerja e djalit t\u00eb Berish\u00ebs, Armina Mevlani.<\/p>\n<p>Blogerja ka p\u00ebrzgjedhur q\u00eb reagimin e saj ta jap\u00eb p\u00ebrmes nj\u00eb komenti n\u00eb rrjetet sociale. Ajo ka komentuar n\u00eb nj\u00eb postim t\u00eb aktores, Olta Gixhari, t\u00eb cil\u00ebn e ka komplimentuar p\u00ebr pamjen. Mir\u00ebpo, sapo ndjek\u00ebsit vun\u00eb re komentin e Armin\u00ebs, nuk mund t\u00eb q\u00ebndronin pa replikuar dhe sigurisht \u00e7\u00ebshtja p\u00ebr t\u00eb cil\u00ebn do reagonin ishte ajo e Berish\u00ebs.<\/p>\n<p>\u201cSa gjynah vjehrri,\u201d- shkruan nj\u00eb prej tyre.<\/p>\n<p>\u201cMos ia qaj hallin,\u201d, shkruan Armina n\u00eb replik\u00ebn e saj.<\/p>\n<p>Kujtojm\u00eb se ish-kryeministri Sali Berisha, u p\u00ebrjashtua nga grupi\u00a0 parlamentar i Partis\u00eb Demokratike nga vet\u00eb kreu i PD-s\u00eb, Lulzim Basha.\u00a0 P\u00ebrjashtimi i tij, solli reagime t\u00eb forta nga shum\u00eb figura historike t\u00eb politik\u00ebs, por dhe nga vet\u00eb Berisha i cili ka deklaruar se Basha e ka shitur, te kryeministri Edi Rama.<img loading=\"lazy\" decoding=\"async\" class=\"alignnone size-full wp-image-202254\" src=\"https:\/\/zjarr.tv\/wp-content\/uploads\/2021\/09\/mina.png\" alt=\"\" width=\"408\" height=\"365\" \/><\/p>\n","protected":false},"excerpt":{"rendered":"<p>P\u00ebrjashtimi i ish-kryeministrit Sali Berisha, nga grupi parlamentar i PD-s\u00eb gjat\u00eb dit\u00ebve t\u00eb fundit, ka qen\u00eb kryefjala n\u00eb t\u00eb gjitha mediat. S\u00eb fundmi, n\u00eb lidhje me k\u00ebt\u00eb ngjarje ka reaguar edhe partnerja e djalit t\u00eb Berish\u00ebs, Armina Mevlani. Blogerja ka p\u00ebrzgjedhur q\u00eb reagimin e saj ta jap\u00eb p\u00ebrmes nj\u00eb komenti n\u00eb rrjetet sociale. Ajo ka [&hellip;]<\/p>\n","protected":false},"author":2016,"featured_media":0,"comment_status":"closed","ping_status":"closed","sticky":false,"template":"","format":"standard","meta":{"footnotes":""},"categories":[241,193],"tags":[],"class_list":{"0":"post-202253","1":"post","2":"type-post","3":"status-publish","4":"format-standard","6":"category-aktualitet","7":"category-showbiz"},"_links":{"self":[{"href":"https:\/\/zjarr.tv\/sq\/wp-json\/wp\/v2\/posts\/202253","targetHints":{"allow":["GET"]}}],"collection":[{"href":"https:\/\/zjarr.tv\/sq\/wp-json\/wp\/v2\/posts"}],"about":[{"href":"https:\/\/zjarr.tv\/sq\/wp-json\/wp\/v2\/types\/post"}],"author":[{"embeddable":true,"href":"https:\/\/zjarr.tv\/sq\/wp-json\/wp\/v2\/users\/2016"}],"replies":[{"embeddable":true,"href":"https:\/\/zjarr.tv\/sq\/wp-json\/wp\/v2\/comments?post=202253"}],"version-history":[{"count":0,"href":"https:\/\/zjarr.tv\/sq\/wp-json\/wp\/v2\/posts\/202253\/revisions"}],"wp:attachment":[{"href":"https:\/\/zjarr.tv\/sq\/wp-json\/wp\/v2\/media?parent=202253"}],"wp:term":[{"taxonomy":"category","embeddable":true,"href":"https:\/\/zjarr.tv\/sq\/wp-json\/wp\/v2\/categories?post=202253"},{"taxonomy":"post_tag","embeddable":true,"href":"https:\/\/zjarr.tv\/sq\/wp-json\/wp\/v2\/tags?post=202253"}],"curies":[{"name":"wp","href":"https:\/\/api.w.org\/{rel}","templated":true}]}}