{"id":202289,"date":"2021-09-14T20:26:40","date_gmt":"2021-09-14T18:26:40","guid":{"rendered":"https:\/\/zjarr.tv\/?p=202289"},"modified":"2021-09-14T20:26:40","modified_gmt":"2021-09-14T18:26:40","slug":"turqia-nuk-ka-kapacitet-erdogan-ia-ben-te-qarte-homologut-gjerman-be-te-marre-masa-per-nje-vale-te-re-te-afganeve","status":"publish","type":"post","link":"https:\/\/zjarr.tv\/sq\/turqia-nuk-ka-kapacitet-erdogan-ia-ben-te-qarte-homologut-gjerman-be-te-marre-masa-per-nje-vale-te-re-te-afganeve\/","title":{"rendered":"\u201cTurqia nuk ka kapacitet\u201d, Erdogan \u2018ia b\u00ebn t\u00eb qart\u00eb\u2019 homologut gjerman: BE t\u00eb marr\u00eb masa p\u00ebr nj\u00eb val\u00eb t\u00eb re t\u00eb afgan\u00ebve"},"content":{"rendered":"<p>Turqia nuk ka kapacitet p\u00ebr t\u00eb marr\u00eb nj\u00eb val\u00eb t\u00eb re t\u00eb mundshme refugjat\u00ebsh nga Afganistani\u201d, k\u00ebshtu \u00ebsht\u00eb shprehur presidenti turk Rexhep Tajip Erdogan ndaj homologut gjerman Frank-Walter Steinmeier n\u00eb nj\u00eb telefonat\u00eb t\u00eb mart\u00ebn.<\/p>\n<p>APNews shkruan se gjat\u00eb bised\u00ebs, Erdogan tha se Gjermania dhe vendet e tjera t\u00eb Bashkimit Evropian duhet t\u00eb ofrojn\u00eb ndihm\u00eb p\u00ebr fqinj\u00ebt e Afganistanit p\u00ebr t\u2019i ndihmuar, pasi ata po mbajn\u00eb barr\u00ebn e migrimit afgan.<\/p>\n<p>\u201cPresidenti Erdogan n\u00ebnvizoi se Turqia nuk ka kapacitet p\u00ebr t\u00eb p\u00ebrballuar nj\u00eb barr\u00eb t\u00eb re migrimi. Askush nuk d\u00ebshiron t\u00eb p\u00ebrjetoj\u00eb nj\u00eb p\u00ebrvoj\u00eb t\u00eb ngjashme me val\u00ebn e refugjat\u00ebve sirian\u00eb t\u00eb vitit 2015\u201d, tha nj\u00eb deklarat\u00eb nga zyra e presidentit.<\/p>\n<p>N\u00eb vitin 2016, Turqia dhe BE n\u00ebnshkruan nj\u00eb marr\u00ebveshje q\u00eb Ankaraja t\u00eb frenoj\u00eb fluksin e emigrant\u00ebve q\u00eb shkojn\u00eb drejt Evrop\u00ebs, n\u00eb k\u00ebmbim t\u00eb udh\u00ebtimit pa viza p\u00ebr qytetar\u00ebt turq dhe mb\u00ebshtetje t\u00eb konsiderueshme financiare t\u00eb BE.<\/p>\n","protected":false},"excerpt":{"rendered":"<p>Turqia nuk ka kapacitet p\u00ebr t\u00eb marr\u00eb nj\u00eb val\u00eb t\u00eb re t\u00eb mundshme refugjat\u00ebsh nga Afganistani\u201d, k\u00ebshtu \u00ebsht\u00eb shprehur presidenti turk Rexhep Tajip Erdogan ndaj homologut gjerman Frank-Walter Steinmeier n\u00eb nj\u00eb telefonat\u00eb t\u00eb mart\u00ebn. APNews shkruan se gjat\u00eb bised\u00ebs, Erdogan tha se Gjermania dhe vendet e tjera t\u00eb Bashkimit Evropian duhet t\u00eb ofrojn\u00eb ndihm\u00eb p\u00ebr [&hellip;]<\/p>\n","protected":false},"author":2031,"featured_media":183059,"comment_status":"closed","ping_status":"closed","sticky":false,"template":"","format":"standard","meta":{"footnotes":""},"categories":[231],"tags":[],"class_list":{"0":"post-202289","1":"post","2":"type-post","3":"status-publish","4":"format-standard","5":"has-post-thumbnail","7":"category-lajme"},"_links":{"self":[{"href":"https:\/\/zjarr.tv\/sq\/wp-json\/wp\/v2\/posts\/202289","targetHints":{"allow":["GET"]}}],"collection":[{"href":"https:\/\/zjarr.tv\/sq\/wp-json\/wp\/v2\/posts"}],"about":[{"href":"https:\/\/zjarr.tv\/sq\/wp-json\/wp\/v2\/types\/post"}],"author":[{"embeddable":true,"href":"https:\/\/zjarr.tv\/sq\/wp-json\/wp\/v2\/users\/2031"}],"replies":[{"embeddable":true,"href":"https:\/\/zjarr.tv\/sq\/wp-json\/wp\/v2\/comments?post=202289"}],"version-history":[{"count":0,"href":"https:\/\/zjarr.tv\/sq\/wp-json\/wp\/v2\/posts\/202289\/revisions"}],"wp:featuredmedia":[{"embeddable":true,"href":"https:\/\/zjarr.tv\/sq\/wp-json\/wp\/v2\/media\/183059"}],"wp:attachment":[{"href":"https:\/\/zjarr.tv\/sq\/wp-json\/wp\/v2\/media?parent=202289"}],"wp:term":[{"taxonomy":"category","embeddable":true,"href":"https:\/\/zjarr.tv\/sq\/wp-json\/wp\/v2\/categories?post=202289"},{"taxonomy":"post_tag","embeddable":true,"href":"https:\/\/zjarr.tv\/sq\/wp-json\/wp\/v2\/tags?post=202289"}],"curies":[{"name":"wp","href":"https:\/\/api.w.org\/{rel}","templated":true}]}}