{"id":202292,"date":"2021-09-15T11:42:06","date_gmt":"2021-09-15T09:42:06","guid":{"rendered":"https:\/\/zjarr.tv\/?p=202292"},"modified":"2021-09-15T11:48:30","modified_gmt":"2021-09-15T09:48:30","slug":"armir-shkurti-por-te-lutem-bena-nderin-pas-saliut-hiq-enverin","status":"publish","type":"post","link":"https:\/\/zjarr.tv\/sq\/armir-shkurti-por-te-lutem-bena-nderin-pas-saliut-hiq-enverin\/","title":{"rendered":"Armir SHKURTI: Por t\u00eb lutem b\u00ebna nderin Pas Saliut hiq Enverin"},"content":{"rendered":"<p>Nga <strong>Armir Shkurti<\/strong><\/p>\n<p>\u00c7&#8217;na shp\u00ebtove Amerik\u00eb<br \/>\nKur Berish\u00ebs i the &#8220;ik&#8221;<br \/>\nPor t\u00eb lutem b\u00ebna nderin<br \/>\nPas Saliut hiq Enverin<\/p>\n<p>\ud835\ude4b\ud835\ude4a\ud835\ude4b\ud835\ude50\ud835\ude47\ud835\ude47\ud835\ude44<\/p>\n","protected":false},"excerpt":{"rendered":"<p>Nga Armir Shkurti \u00c7&#8217;na shp\u00ebtove Amerik\u00eb Kur Berish\u00ebs i the &#8220;ik&#8221; Por t\u00eb lutem b\u00ebna nderin Pas Saliut hiq Enverin \ud835\ude4b\ud835\ude4a\ud835\ude4b\ud835\ude50\ud835\ude47\ud835\ude47\ud835\ude44<\/p>\n","protected":false},"author":2030,"featured_media":196696,"comment_status":"closed","ping_status":"closed","sticky":false,"template":"","format":"standard","meta":{"footnotes":""},"categories":[241,364],"tags":[359,1086,4848],"class_list":{"0":"post-202292","1":"post","2":"type-post","3":"status-publish","4":"format-standard","5":"has-post-thumbnail","7":"category-aktualitet","8":"category-koment-opinion","9":"tag-armir-shkurti","10":"tag-lajme-zjarr-tv","11":"tag-sali-berisha"},"_links":{"self":[{"href":"https:\/\/zjarr.tv\/sq\/wp-json\/wp\/v2\/posts\/202292","targetHints":{"allow":["GET"]}}],"collection":[{"href":"https:\/\/zjarr.tv\/sq\/wp-json\/wp\/v2\/posts"}],"about":[{"href":"https:\/\/zjarr.tv\/sq\/wp-json\/wp\/v2\/types\/post"}],"author":[{"embeddable":true,"href":"https:\/\/zjarr.tv\/sq\/wp-json\/wp\/v2\/users\/2030"}],"replies":[{"embeddable":true,"href":"https:\/\/zjarr.tv\/sq\/wp-json\/wp\/v2\/comments?post=202292"}],"version-history":[{"count":0,"href":"https:\/\/zjarr.tv\/sq\/wp-json\/wp\/v2\/posts\/202292\/revisions"}],"wp:featuredmedia":[{"embeddable":true,"href":"https:\/\/zjarr.tv\/sq\/wp-json\/wp\/v2\/media\/196696"}],"wp:attachment":[{"href":"https:\/\/zjarr.tv\/sq\/wp-json\/wp\/v2\/media?parent=202292"}],"wp:term":[{"taxonomy":"category","embeddable":true,"href":"https:\/\/zjarr.tv\/sq\/wp-json\/wp\/v2\/categories?post=202292"},{"taxonomy":"post_tag","embeddable":true,"href":"https:\/\/zjarr.tv\/sq\/wp-json\/wp\/v2\/tags?post=202292"}],"curies":[{"name":"wp","href":"https:\/\/api.w.org\/{rel}","templated":true}]}}