{"id":202773,"date":"2021-09-17T09:28:44","date_gmt":"2021-09-17T07:28:44","guid":{"rendered":"https:\/\/zjarr.tv\/?p=202773"},"modified":"2021-09-17T14:37:18","modified_gmt":"2021-09-17T12:37:18","slug":"bora-muzhaqi-ben-gafen-e-radhes-flet-ne-2-te-mengjesit-salla-shperthen-ne-te-qeshura-eshte-ora-1-e-nates-trupi-i-shendoshe-ne-mendje-te","status":"publish","type":"post","link":"https:\/\/zjarr.tv\/sq\/bora-muzhaqi-ben-gafen-e-radhes-flet-ne-2-te-mengjesit-salla-shperthen-ne-te-qeshura-eshte-ora-1-e-nates-trupi-i-shendoshe-ne-mendje-te\/","title":{"rendered":"Bora Muzhaqi b\u00ebn gaf\u00ebn e radh\u00ebs, flet n\u00eb 2 t\u00eb m\u00ebngjesit, salla shp\u00ebrthen n\u00eb t\u00eb qeshura: \u00cbsht\u00eb ora 1 e nat\u00ebs, trupi i sh\u00ebndosh\u00eb n\u00eb mendje t\u00eb\u2026"},"content":{"rendered":"<p>Ministrja e shtetit p\u00ebr Rinin\u00eb dhe F\u00ebmij\u00ebt, Bora Muzhaqi nuk ka q\u00ebndruar pa b\u00ebr\u00eb \u201cgaf\u00ebn\u201d e rradh\u00ebs. E emocionuar teksa ka marr\u00eb fjal\u00ebn n\u00eb Kuvend, Muzhaqi ka t\u00ebrhequr v\u00ebmendjen e t\u00eb gjith\u00ebve me lapsuset e b\u00ebra nj\u00ebra pas tjetr\u00ebs.<\/p>\n<p>Si fillim Muzhaqi nga emocionet e tep\u00ebrta ngat\u00ebrroi or\u00ebn: Mendova se nuk do kisha emocione tani q\u00eb do flisnim se \u00ebsht\u00eb ora 1 e nat\u00ebs (ora ishte 2) por \u00e7udit\u00ebrisht\u00a0 p\u00ebrgjegj\u00ebsia q\u00eb vjen me pozicionin krijon gjithmon\u00eb emocione t\u00eb pakt\u00ebn p\u00ebr mua.<\/p>\n<p>\u201cPatjet\u00ebr t\u00ebrmeti e pandemia frenuan shum\u00eb aspekte t\u00eb jet\u00ebs por ata n\u00eb asnj\u00eb moment nuk na ndaluan q\u00eb ne t\u00eb ndalonim pun\u00ebn e parreshtur t\u00eb qeveris\u00eb p\u00ebr t\u00eb ecur p\u00ebrpara me pun\u00ebt e r\u00ebnd\u00ebsishme t\u00eb k\u00ebtyre mandateve\u2026\u201d<\/p>\n<p>Nd\u00ebrkoh\u00eb q\u00eb nuk kan\u00eb munguar as shprehjet t\u00eb cilat ministrja i merr me vete.<\/p>\n<p>\u201cTrupi i sh\u00ebndosh\u00eb\u2026 Mendja e sh\u00ebndosh\u00eb n\u00eb trup t\u00eb sh\u00ebndosh\u00eb\u201d, tha ajo teksa salla ka \u201cshp\u00ebrthyer\u201d n\u00eb t\u00eb qeshura.<\/p>\n","protected":false},"excerpt":{"rendered":"<p>Ministrja e shtetit p\u00ebr Rinin\u00eb dhe F\u00ebmij\u00ebt, Bora Muzhaqi nuk ka q\u00ebndruar pa b\u00ebr\u00eb \u201cgaf\u00ebn\u201d e rradh\u00ebs. E emocionuar teksa ka marr\u00eb fjal\u00ebn n\u00eb Kuvend, Muzhaqi ka t\u00ebrhequr v\u00ebmendjen e t\u00eb gjith\u00ebve me lapsuset e b\u00ebra nj\u00ebra pas tjetr\u00ebs. Si fillim Muzhaqi nga emocionet e tep\u00ebrta ngat\u00ebrroi or\u00ebn: Mendova se nuk do kisha emocione tani [&hellip;]<\/p>\n","protected":false},"author":2016,"featured_media":202774,"comment_status":"closed","ping_status":"closed","sticky":false,"template":"","format":"standard","meta":{"footnotes":""},"categories":[241],"tags":[5072],"class_list":{"0":"post-202773","1":"post","2":"type-post","3":"status-publish","4":"format-standard","5":"has-post-thumbnail","7":"category-aktualitet","8":"tag-lajme-zjarr-muzhaqi-ben-gafen-e-ardhes-zjarr-tv"},"_links":{"self":[{"href":"https:\/\/zjarr.tv\/sq\/wp-json\/wp\/v2\/posts\/202773","targetHints":{"allow":["GET"]}}],"collection":[{"href":"https:\/\/zjarr.tv\/sq\/wp-json\/wp\/v2\/posts"}],"about":[{"href":"https:\/\/zjarr.tv\/sq\/wp-json\/wp\/v2\/types\/post"}],"author":[{"embeddable":true,"href":"https:\/\/zjarr.tv\/sq\/wp-json\/wp\/v2\/users\/2016"}],"replies":[{"embeddable":true,"href":"https:\/\/zjarr.tv\/sq\/wp-json\/wp\/v2\/comments?post=202773"}],"version-history":[{"count":0,"href":"https:\/\/zjarr.tv\/sq\/wp-json\/wp\/v2\/posts\/202773\/revisions"}],"wp:featuredmedia":[{"embeddable":true,"href":"https:\/\/zjarr.tv\/sq\/wp-json\/wp\/v2\/media\/202774"}],"wp:attachment":[{"href":"https:\/\/zjarr.tv\/sq\/wp-json\/wp\/v2\/media?parent=202773"}],"wp:term":[{"taxonomy":"category","embeddable":true,"href":"https:\/\/zjarr.tv\/sq\/wp-json\/wp\/v2\/categories?post=202773"},{"taxonomy":"post_tag","embeddable":true,"href":"https:\/\/zjarr.tv\/sq\/wp-json\/wp\/v2\/tags?post=202773"}],"curies":[{"name":"wp","href":"https:\/\/api.w.org\/{rel}","templated":true}]}}