{"id":203785,"date":"2021-09-22T09:31:49","date_gmt":"2021-09-22T07:31:49","guid":{"rendered":"https:\/\/zjarr.tv\/?p=203785"},"modified":"2021-09-22T09:31:49","modified_gmt":"2021-09-22T07:31:49","slug":"deklarata-e-bujshme-e-artan-hoxhes-spak-me-ka-thirrur-edhe-mua-te-deshmoj-per-dosjet-do-goditet-shume-lart-ish-kryeministra-e-ish-presidente","status":"publish","type":"post","link":"https:\/\/zjarr.tv\/sq\/deklarata-e-bujshme-e-artan-hoxhes-spak-me-ka-thirrur-edhe-mua-te-deshmoj-per-dosjet-do-goditet-shume-lart-ish-kryeministra-e-ish-presidente\/","title":{"rendered":"Deklarata e bujshme e Artan Hoxh\u00ebs: SPAK m\u00eb ka thirrur edhe mua t\u00eb d\u00ebshmoj p\u00ebr dosjet! Do goditet shum\u00eb lart, ish-kryeministra e ish-president\u00eb\u2026"},"content":{"rendered":"<p>Gazetari Artan Hoxha, ka b\u00ebr\u00eb nj\u00eb paralajm\u00ebrim t\u00eb forte, teksa fliste nw studion \u00a0\u201cABC live\u201d. Ne fjalwn e tij, Hoxha tha se SPAK ka n\u00ebn hetim dosje t\u00eb bujshme.<\/p>\n<p>Jo vet\u00ebm kaq, por Hoxha ka theksuar se me krijimin dhe funksionimin e BKH, SPAK do t\u00eb ket\u00eb akoma m\u00eb shum\u00eb goditje. M\u00eb tej, Hoxha ka th\u00ebn\u00eb se \u00ebsht\u00eb thirrur vet\u00eb n\u00eb SPAK, p\u00ebr t\u00eb d\u00ebshmuar p\u00ebr dosje q\u00eb ka dijeni dhe beson se goditjet e SPAK, do t\u00eb jen\u00eb t\u00eb nj\u00eb rangu t\u00eb lart\u00eb.<\/p>\n<p>I pyetur n\u00ebse do t\u00eb ket\u00eb arrestime t\u00eb politikan\u00ebve, Hoxha ka th\u00ebn\u00eb se SPAK do i duhet koh\u00eb q\u00eb t\u00eb fus\u00eb n\u00eb burg, ish-kryeministra, ish-president\u00eb apo ish-ministra.<\/p>\n<p>\u201cShtatori ka qen\u00eb me shum\u00eb zhvillime politike. Me ngjarje t\u00eb tjera, apo me p\u00ebrjashtimin e Berish\u00ebs q\u00eb thithi shum\u00eb v\u00ebmendje. Por, tashm\u00eb SPAK ka marr\u00eb dhe BKH. SPAK u b\u00eb p\u00ebr t\u00eb goditur politikan\u00ebt e lart\u00ebs dhe p\u00ebr t\u00eb goditur korrupsionin apo p\u00ebr t\u00eb goditur lidhje shtet-politike. Do shohim rezultate. Nuk \u00ebsht\u00eb e leht\u00eb q\u00eb t\u00eb futen brenda ish\u2013kryeministria, ish-president\u00eb, ish-ministra\u201d, kwshtu u shpreh gazetari.<\/p>\n","protected":false},"excerpt":{"rendered":"<p>Gazetari Artan Hoxha, ka b\u00ebr\u00eb nj\u00eb paralajm\u00ebrim t\u00eb forte, teksa fliste nw studion \u00a0\u201cABC live\u201d. Ne fjalwn e tij, Hoxha tha se SPAK ka n\u00ebn hetim dosje t\u00eb bujshme. Jo vet\u00ebm kaq, por Hoxha ka theksuar se me krijimin dhe funksionimin e BKH, SPAK do t\u00eb ket\u00eb akoma m\u00eb shum\u00eb goditje. M\u00eb tej, Hoxha ka [&hellip;]<\/p>\n","protected":false},"author":2016,"featured_media":165238,"comment_status":"closed","ping_status":"closed","sticky":false,"template":"","format":"standard","meta":{"footnotes":""},"categories":[241],"tags":[],"class_list":{"0":"post-203785","1":"post","2":"type-post","3":"status-publish","4":"format-standard","5":"has-post-thumbnail","7":"category-aktualitet"},"_links":{"self":[{"href":"https:\/\/zjarr.tv\/sq\/wp-json\/wp\/v2\/posts\/203785","targetHints":{"allow":["GET"]}}],"collection":[{"href":"https:\/\/zjarr.tv\/sq\/wp-json\/wp\/v2\/posts"}],"about":[{"href":"https:\/\/zjarr.tv\/sq\/wp-json\/wp\/v2\/types\/post"}],"author":[{"embeddable":true,"href":"https:\/\/zjarr.tv\/sq\/wp-json\/wp\/v2\/users\/2016"}],"replies":[{"embeddable":true,"href":"https:\/\/zjarr.tv\/sq\/wp-json\/wp\/v2\/comments?post=203785"}],"version-history":[{"count":0,"href":"https:\/\/zjarr.tv\/sq\/wp-json\/wp\/v2\/posts\/203785\/revisions"}],"wp:featuredmedia":[{"embeddable":true,"href":"https:\/\/zjarr.tv\/sq\/wp-json\/wp\/v2\/media\/165238"}],"wp:attachment":[{"href":"https:\/\/zjarr.tv\/sq\/wp-json\/wp\/v2\/media?parent=203785"}],"wp:term":[{"taxonomy":"category","embeddable":true,"href":"https:\/\/zjarr.tv\/sq\/wp-json\/wp\/v2\/categories?post=203785"},{"taxonomy":"post_tag","embeddable":true,"href":"https:\/\/zjarr.tv\/sq\/wp-json\/wp\/v2\/tags?post=203785"}],"curies":[{"name":"wp","href":"https:\/\/api.w.org\/{rel}","templated":true}]}}