{"id":203804,"date":"2021-09-22T10:57:06","date_gmt":"2021-09-22T08:57:06","guid":{"rendered":"https:\/\/zjarr.tv\/?p=203804"},"modified":"2021-09-22T10:57:06","modified_gmt":"2021-09-22T08:57:06","slug":"situata-e-ndezur-ne-kufirin-mes-serbise-dhe-kosoves-reagon-meta-palet-te-kapercejne-tensionet-te-vijojne-dialogun-dhe-tu-permbahen-detyrimeve","status":"publish","type":"post","link":"https:\/\/zjarr.tv\/sq\/situata-e-ndezur-ne-kufirin-mes-serbise-dhe-kosoves-reagon-meta-palet-te-kapercejne-tensionet-te-vijojne-dialogun-dhe-tu-permbahen-detyrimeve\/","title":{"rendered":"Situata e ndezur n\u00eb kufirin mes Serbis\u00eb dhe Kosov\u00ebs, reagon Meta: Pal\u00ebt t\u00eb kap\u00ebrcejn\u00eb tensionet, t\u00eb vijojn\u00eb dialogun dhe t\u2019u p\u00ebrmbahen detyrimeve"},"content":{"rendered":"<p>Meta:<\/p>\n<p>Ruajtja e sovranitetit shtet\u00ebror dhe e integritetit territorial t\u00eb Republik\u00ebs s\u00eb Kosov\u00ebs \u00ebsht\u00eb faktor ky\u00e7 p\u00ebr konsolidimin e paqes, siguris\u00eb, stabilitetit dhe fqinj\u00ebsis\u00eb s\u00eb mir\u00eb n\u00eb rajon dhe baza e nd\u00ebrtimit t\u00eb marr\u00ebdh\u00ebnieve t\u00eb q\u00ebndrueshme me Serbin\u00eb.<\/p>\n<p>N\u00eb k\u00ebt\u00eb frym\u00eb pal\u00ebt duhet t\u00eb kap\u00ebrcejn\u00eb tensionet, t\u00eb vijojn\u00eb dialogun dhe t\u2019u p\u00ebrmbahen detyrimeve, q\u00eb rrjedhin nga marr\u00ebveshjet e arritura nga t\u00eb dy vendet me nd\u00ebrmjet\u00ebsimin e BE dhe SHBA.<\/p>\n","protected":false},"excerpt":{"rendered":"<p>Meta: Ruajtja e sovranitetit shtet\u00ebror dhe e integritetit territorial t\u00eb Republik\u00ebs s\u00eb Kosov\u00ebs \u00ebsht\u00eb faktor ky\u00e7 p\u00ebr konsolidimin e paqes, siguris\u00eb, stabilitetit dhe fqinj\u00ebsis\u00eb s\u00eb mir\u00eb n\u00eb rajon dhe baza e nd\u00ebrtimit t\u00eb marr\u00ebdh\u00ebnieve t\u00eb q\u00ebndrueshme me Serbin\u00eb. N\u00eb k\u00ebt\u00eb frym\u00eb pal\u00ebt duhet t\u00eb kap\u00ebrcejn\u00eb tensionet, t\u00eb vijojn\u00eb dialogun dhe t\u2019u p\u00ebrmbahen detyrimeve, q\u00eb rrjedhin [&hellip;]<\/p>\n","protected":false},"author":2031,"featured_media":161320,"comment_status":"closed","ping_status":"closed","sticky":false,"template":"","format":"standard","meta":{"footnotes":""},"categories":[231],"tags":[],"class_list":{"0":"post-203804","1":"post","2":"type-post","3":"status-publish","4":"format-standard","5":"has-post-thumbnail","7":"category-lajme"},"_links":{"self":[{"href":"https:\/\/zjarr.tv\/sq\/wp-json\/wp\/v2\/posts\/203804","targetHints":{"allow":["GET"]}}],"collection":[{"href":"https:\/\/zjarr.tv\/sq\/wp-json\/wp\/v2\/posts"}],"about":[{"href":"https:\/\/zjarr.tv\/sq\/wp-json\/wp\/v2\/types\/post"}],"author":[{"embeddable":true,"href":"https:\/\/zjarr.tv\/sq\/wp-json\/wp\/v2\/users\/2031"}],"replies":[{"embeddable":true,"href":"https:\/\/zjarr.tv\/sq\/wp-json\/wp\/v2\/comments?post=203804"}],"version-history":[{"count":0,"href":"https:\/\/zjarr.tv\/sq\/wp-json\/wp\/v2\/posts\/203804\/revisions"}],"wp:featuredmedia":[{"embeddable":true,"href":"https:\/\/zjarr.tv\/sq\/wp-json\/wp\/v2\/media\/161320"}],"wp:attachment":[{"href":"https:\/\/zjarr.tv\/sq\/wp-json\/wp\/v2\/media?parent=203804"}],"wp:term":[{"taxonomy":"category","embeddable":true,"href":"https:\/\/zjarr.tv\/sq\/wp-json\/wp\/v2\/categories?post=203804"},{"taxonomy":"post_tag","embeddable":true,"href":"https:\/\/zjarr.tv\/sq\/wp-json\/wp\/v2\/tags?post=203804"}],"curies":[{"name":"wp","href":"https:\/\/api.w.org\/{rel}","templated":true}]}}