{"id":203846,"date":"2021-09-22T12:47:01","date_gmt":"2021-09-22T10:47:01","guid":{"rendered":"https:\/\/zjarr.tv\/?p=203846"},"modified":"2021-09-22T12:47:01","modified_gmt":"2021-09-22T10:47:01","slug":"rehatuar-ne-kolltukun-dhe-kembe-mbi-kembe-ministrja-e-rames-uron-helena-kadarene-per-ditelindje-bota-nuk-ndreqet-ndryshe","status":"publish","type":"post","link":"https:\/\/zjarr.tv\/sq\/rehatuar-ne-kolltukun-dhe-kembe-mbi-kembe-ministrja-e-rames-uron-helena-kadarene-per-ditelindje-bota-nuk-ndreqet-ndryshe\/","title":{"rendered":"Rehatuar n\u00eb kolltukun dhe k\u00ebmb\u00eb mbi k\u00ebmb\u00eb, ministrja e Ram\u00ebs uron Helena Kadaren\u00eb p\u00ebr dit\u00eblindje: Bota nuk ndreqet ndryshe\u2026"},"content":{"rendered":"<p>Ministrja Elisa Spiropali \u00ebsht\u00eb nd\u00ebr politikan\u00ebt q\u00eb kan\u00eb uruar dit\u00eblindjen e 78-t\u00eb t\u00eb Helena Kadares\u00eb.<\/p>\n<p>P\u00ebrmes nj\u00eb postimi n\u00eb rrjetet sociale, ku shfaqet e rehatuar n\u00eb kolltuk teksa q\u00ebndron k\u00ebmb\u00eb mbi k\u00ebmb\u00eb krah bashk\u00ebshortes s\u00eb shkrimtarit t\u00eb madh Ismail Kadare, Spiropali i kushton asaj nj\u00eb dedikim t\u00eb p\u00ebr dit\u00eblindje.<\/p>\n<p>\u201c<em>Edhe aq dit\u00eblindje sa t\u00eb do zemra e dashur Helena, Ty Zonj\u00eb e r\u00ebnd\u00eb q\u00eb me pun\u00eb dhe lodhje t\u00eb pafundme gjat\u00eb \u201cKoh\u00ebs s\u00eb Pamjaftueshme\u201d d\u00ebshmove n\u00eb m\u00ebnyr\u00eb shterruese se bota nuk mund t\u00eb ndreqet ndryshe ve\u00e7se p\u00ebrmes dashuris\u00eb dhe bukuris\u00eb\u201d,<\/em> shprehet Spiropali.<\/p>\n","protected":false},"excerpt":{"rendered":"<p>Ministrja Elisa Spiropali \u00ebsht\u00eb nd\u00ebr politikan\u00ebt q\u00eb kan\u00eb uruar dit\u00eblindjen e 78-t\u00eb t\u00eb Helena Kadares\u00eb. P\u00ebrmes nj\u00eb postimi n\u00eb rrjetet sociale, ku shfaqet e rehatuar n\u00eb kolltuk teksa q\u00ebndron k\u00ebmb\u00eb mbi k\u00ebmb\u00eb krah bashk\u00ebshortes s\u00eb shkrimtarit t\u00eb madh Ismail Kadare, Spiropali i kushton asaj nj\u00eb dedikim t\u00eb p\u00ebr dit\u00eblindje. \u201cEdhe aq dit\u00eblindje sa t\u00eb do [&hellip;]<\/p>\n","protected":false},"author":2030,"featured_media":0,"comment_status":"closed","ping_status":"closed","sticky":false,"template":"","format":"standard","meta":{"footnotes":""},"categories":[241,1454],"tags":[5161,5162,1086],"class_list":{"0":"post-203846","1":"post","2":"type-post","3":"status-publish","4":"format-standard","6":"category-aktualitet","7":"category-politike","8":"tag-elisa-spiropali","9":"tag-helena-kadare","10":"tag-lajme-zjarr-tv"},"_links":{"self":[{"href":"https:\/\/zjarr.tv\/sq\/wp-json\/wp\/v2\/posts\/203846","targetHints":{"allow":["GET"]}}],"collection":[{"href":"https:\/\/zjarr.tv\/sq\/wp-json\/wp\/v2\/posts"}],"about":[{"href":"https:\/\/zjarr.tv\/sq\/wp-json\/wp\/v2\/types\/post"}],"author":[{"embeddable":true,"href":"https:\/\/zjarr.tv\/sq\/wp-json\/wp\/v2\/users\/2030"}],"replies":[{"embeddable":true,"href":"https:\/\/zjarr.tv\/sq\/wp-json\/wp\/v2\/comments?post=203846"}],"version-history":[{"count":0,"href":"https:\/\/zjarr.tv\/sq\/wp-json\/wp\/v2\/posts\/203846\/revisions"}],"wp:attachment":[{"href":"https:\/\/zjarr.tv\/sq\/wp-json\/wp\/v2\/media?parent=203846"}],"wp:term":[{"taxonomy":"category","embeddable":true,"href":"https:\/\/zjarr.tv\/sq\/wp-json\/wp\/v2\/categories?post=203846"},{"taxonomy":"post_tag","embeddable":true,"href":"https:\/\/zjarr.tv\/sq\/wp-json\/wp\/v2\/tags?post=203846"}],"curies":[{"name":"wp","href":"https:\/\/api.w.org\/{rel}","templated":true}]}}