{"id":203850,"date":"2021-09-22T12:51:24","date_gmt":"2021-09-22T10:51:24","guid":{"rendered":"https:\/\/zjarr.tv\/?p=203850"},"modified":"2021-09-22T12:51:24","modified_gmt":"2021-09-22T10:51:24","slug":"gjiknuri-e-merr-ne-elbasan-dorehiqet-zv-kryetari-i-bashkise-se-vlores-afrim-qendro","status":"publish","type":"post","link":"https:\/\/zjarr.tv\/sq\/gjiknuri-e-merr-ne-elbasan-dorehiqet-zv-kryetari-i-bashkise-se-vlores-afrim-qendro\/","title":{"rendered":"Gjiknuri e merr n\u00eb Elbasan, dor\u00ebhiqet zv.kryetari i Bashkis\u00eb s\u00eb Vlor\u00ebs Afrim Q\u00ebndro"},"content":{"rendered":"<p>Dor\u00ebhiqet zv.kryetari i Bashkis\u00eb s\u00eb Vlor\u00ebs, Afrim Q\u00ebndro.<\/p>\n<p>Largimi i tij vjen n\u00eb nj\u00eb koh\u00eb kur Damian Gjiknuri i dor\u00ebzoi Arben Ahmetajt stafet\u00ebn e drejtuesit politik n\u00eb qytetin bregdetar.<\/p>\n<p>Gjiknuri \u00ebsht\u00eb caktuar nga kreu i PS Edi Rama n\u00eb Elbasan, e si\u00e7 duket, aty do t\u00eb vendoset edhe Afrim Q\u00ebndro. Dor\u00ebheqja e tij pritet t\u00eb jepet zyrtarisht dit\u00ebn e sotme.<\/p>\n","protected":false},"excerpt":{"rendered":"<p>Dor\u00ebhiqet zv.kryetari i Bashkis\u00eb s\u00eb Vlor\u00ebs, Afrim Q\u00ebndro. Largimi i tij vjen n\u00eb nj\u00eb koh\u00eb kur Damian Gjiknuri i dor\u00ebzoi Arben Ahmetajt stafet\u00ebn e drejtuesit politik n\u00eb qytetin bregdetar. Gjiknuri \u00ebsht\u00eb caktuar nga kreu i PS Edi Rama n\u00eb Elbasan, e si\u00e7 duket, aty do t\u00eb vendoset edhe Afrim Q\u00ebndro. Dor\u00ebheqja e tij pritet t\u00eb [&hellip;]<\/p>\n","protected":false},"author":2030,"featured_media":203851,"comment_status":"closed","ping_status":"closed","sticky":false,"template":"","format":"standard","meta":{"footnotes":""},"categories":[241,1454],"tags":[5163,5165,5164,1086],"class_list":{"0":"post-203850","1":"post","2":"type-post","3":"status-publish","4":"format-standard","5":"has-post-thumbnail","7":"category-aktualitet","8":"category-politike","9":"tag-afrim-qendro","10":"tag-arben-ahmetaj","11":"tag-damian-gjiknuri","12":"tag-lajme-zjarr-tv"},"_links":{"self":[{"href":"https:\/\/zjarr.tv\/sq\/wp-json\/wp\/v2\/posts\/203850","targetHints":{"allow":["GET"]}}],"collection":[{"href":"https:\/\/zjarr.tv\/sq\/wp-json\/wp\/v2\/posts"}],"about":[{"href":"https:\/\/zjarr.tv\/sq\/wp-json\/wp\/v2\/types\/post"}],"author":[{"embeddable":true,"href":"https:\/\/zjarr.tv\/sq\/wp-json\/wp\/v2\/users\/2030"}],"replies":[{"embeddable":true,"href":"https:\/\/zjarr.tv\/sq\/wp-json\/wp\/v2\/comments?post=203850"}],"version-history":[{"count":0,"href":"https:\/\/zjarr.tv\/sq\/wp-json\/wp\/v2\/posts\/203850\/revisions"}],"wp:featuredmedia":[{"embeddable":true,"href":"https:\/\/zjarr.tv\/sq\/wp-json\/wp\/v2\/media\/203851"}],"wp:attachment":[{"href":"https:\/\/zjarr.tv\/sq\/wp-json\/wp\/v2\/media?parent=203850"}],"wp:term":[{"taxonomy":"category","embeddable":true,"href":"https:\/\/zjarr.tv\/sq\/wp-json\/wp\/v2\/categories?post=203850"},{"taxonomy":"post_tag","embeddable":true,"href":"https:\/\/zjarr.tv\/sq\/wp-json\/wp\/v2\/tags?post=203850"}],"curies":[{"name":"wp","href":"https:\/\/api.w.org\/{rel}","templated":true}]}}