{"id":204068,"date":"2021-09-23T08:42:31","date_gmt":"2021-09-23T06:42:31","guid":{"rendered":"https:\/\/zjarr.tv\/?p=204068"},"modified":"2021-09-23T08:42:31","modified_gmt":"2021-09-23T06:42:31","slug":"vendimi-per-llallen-avokati-ngjela-mendonte-se-do-fitonte-luften-me-ameriken-vetem-po-iku-ne-rusi-mund-te-shpetoje","status":"publish","type":"post","link":"https:\/\/zjarr.tv\/sq\/vendimi-per-llallen-avokati-ngjela-mendonte-se-do-fitonte-luften-me-ameriken-vetem-po-iku-ne-rusi-mund-te-shpetoje\/","title":{"rendered":"Vendimi p\u00ebr Llall\u00ebn, avokati Ngjela: Mendonte se do fitonte luft\u00ebn me Amerik\u00ebn, vet\u00ebm po iku n\u00eb Rusi mund t\u00eb shp\u00ebtoj\u00eb"},"content":{"rendered":"<p>Avokati Spartak Ngjela, e ka cil\u00ebsuar \u201crast pozitiv\u201d vendimin p\u00ebr ish- kryeprokurorin Adriatik Llalla, duke th\u00ebn\u00eb se mund t\u00eb shp\u00ebtoj\u00eb vet\u00ebm po iku n\u00eb Rusi.<\/p>\n<p>Sipas Ngjel\u00ebs, Llalla ka qen\u00eb figur\u00eb aq e lart\u00eb sa mund t\u00eb merrte t\u00eb pandehur edhe Kryeministrin. Nd\u00ebr t\u00eb tjera, Ngjela shtoi se Adriatik Llalla, mendoi se do t\u00eb fitonte luft\u00eb me Amerik\u00ebn, por duhet t\u00eb tregoj\u00eb ku i ka gjetur pronat q\u00eb nuk i justifikonte dot.<\/p>\n<p><strong>Ngjela:<\/strong>\u00a0<em>K\u00ebtu flitet \u00e7\u2019b\u00ebn Llalla. Lalla nuk shp\u00ebton dot dhe vet\u00ebm po iku n\u00eb Rusi mund t\u00eb shp\u00ebtoj\u00eb. Ne \u00e7\u2019na intereson. Ai u d\u00ebnua\u00a0dhe kjo \u00ebsht\u00eb kryesorja. Nuk justifikonte dot pronat. Ka ikur nga terminali i Rinasit. Ai tjetri quhet fati i njeriut, jo i shoq\u00ebris\u00eb, as i shtetit. Ka qen\u00eb figura e kat\u00ebrt n\u00eb Shqip\u00ebri. Ka qen\u00eb n\u00eb pjes\u00ebn tjet\u00ebr se nuk i takon administrat\u00ebs shtet\u00ebrore, \u00ebsht\u00eb rang i lart\u00eb, \u00ebsht\u00eb mbi rangun e Kryeministrit se e merr t\u00eb pandehur Kryeministrin. Problemi \u00ebsht\u00eb se nuk vihen k\u00ebta si Prokuror\u00eb t\u00eb P\u00ebrgjithsh\u00ebm.<\/em><\/p>\n<p><em>K\u00ebta i marrin nga hi\u00e7i. N\u00eb nj\u00eb moment t\u00eb caktuar vijn\u00eb dhe reflektojn\u00eb p\u00ebr t\u00eb ardhmen. As Enver Hoxha nuk e b\u00ebnte k\u00ebt\u00eb, pavar\u00ebsisht se e kishte n\u00eb interesin e vet. K\u00ebta i kan\u00eb b\u00ebr\u00eb kungujt q\u00eb i kan\u00eb b\u00ebr\u00eb nga 1991 e k\u00ebtej. Kam biseduar me t\u00eb, nuk e njeh\u00a0jurisprudenc\u00ebn. Shiko \u00e7\u2019ka b\u00ebr\u00eb. I kan\u00eb gjetur prona t\u00eb pajustifikuara, \u00e7far\u00eb\u00a0mbrojtje do ky? Po ti kishte denoncuar normal sipas ligjit, do ishte normal, pra ka shkelje dhe e ka ne funksion t\u00eb korrupsionit. Prokurori ishte aq mendjeleht\u00eb sa mendonte se do t\u00eb fitonte dhe luft\u00ebn me Amerik\u00ebn. Ka prova n\u00eb mes, t\u00eb na thot\u00eb ku i ka gjetur pronat.<\/em><\/p>\n<p><em>Nj\u00eb gjyqtar tha mi ka dh\u00ebn\u00eb gjyshja 400 mij\u00eb euro. Gjyshja ishte n\u00eb kasolle. Nuk m\u00eb duhet fati i k\u00ebtij personi, ai \u00ebsht\u00eb i d\u00ebnuar leht\u00eb. Po u fsheh 2 vjet nuk shkon m\u00eb n\u00eb burg, por n\u00eb funksion t\u00eb t\u00eb ardhmes juridike dhe t\u00eb drejt\u00ebsis\u00eb shqiptare, \u00ebsht\u00eb rast pozitiv.<\/em><\/p>\n","protected":false},"excerpt":{"rendered":"<p>Avokati Spartak Ngjela, e ka cil\u00ebsuar \u201crast pozitiv\u201d vendimin p\u00ebr ish- kryeprokurorin Adriatik Llalla, duke th\u00ebn\u00eb se mund t\u00eb shp\u00ebtoj\u00eb vet\u00ebm po iku n\u00eb Rusi. Sipas Ngjel\u00ebs, Llalla ka qen\u00eb figur\u00eb aq e lart\u00eb sa mund t\u00eb merrte t\u00eb pandehur edhe Kryeministrin. Nd\u00ebr t\u00eb tjera, Ngjela shtoi se Adriatik Llalla, mendoi se do t\u00eb fitonte [&hellip;]<\/p>\n","protected":false},"author":2016,"featured_media":204069,"comment_status":"closed","ping_status":"closed","sticky":false,"template":"","format":"standard","meta":{"footnotes":""},"categories":[241],"tags":[],"class_list":{"0":"post-204068","1":"post","2":"type-post","3":"status-publish","4":"format-standard","5":"has-post-thumbnail","7":"category-aktualitet"},"_links":{"self":[{"href":"https:\/\/zjarr.tv\/sq\/wp-json\/wp\/v2\/posts\/204068","targetHints":{"allow":["GET"]}}],"collection":[{"href":"https:\/\/zjarr.tv\/sq\/wp-json\/wp\/v2\/posts"}],"about":[{"href":"https:\/\/zjarr.tv\/sq\/wp-json\/wp\/v2\/types\/post"}],"author":[{"embeddable":true,"href":"https:\/\/zjarr.tv\/sq\/wp-json\/wp\/v2\/users\/2016"}],"replies":[{"embeddable":true,"href":"https:\/\/zjarr.tv\/sq\/wp-json\/wp\/v2\/comments?post=204068"}],"version-history":[{"count":0,"href":"https:\/\/zjarr.tv\/sq\/wp-json\/wp\/v2\/posts\/204068\/revisions"}],"wp:featuredmedia":[{"embeddable":true,"href":"https:\/\/zjarr.tv\/sq\/wp-json\/wp\/v2\/media\/204069"}],"wp:attachment":[{"href":"https:\/\/zjarr.tv\/sq\/wp-json\/wp\/v2\/media?parent=204068"}],"wp:term":[{"taxonomy":"category","embeddable":true,"href":"https:\/\/zjarr.tv\/sq\/wp-json\/wp\/v2\/categories?post=204068"},{"taxonomy":"post_tag","embeddable":true,"href":"https:\/\/zjarr.tv\/sq\/wp-json\/wp\/v2\/tags?post=204068"}],"curies":[{"name":"wp","href":"https:\/\/api.w.org\/{rel}","templated":true}]}}