{"id":204162,"date":"2021-09-23T12:47:53","date_gmt":"2021-09-23T10:47:53","guid":{"rendered":"https:\/\/zjarr.tv\/?p=204162"},"modified":"2021-09-23T12:47:53","modified_gmt":"2021-09-23T10:47:53","slug":"ka-cuar-uje-tek-burimi-i-rames-flamur-noka-kuvendi-i-pd-do-mblidhet-kunder-bashes-ai-tashme-eshte-minorance-nuk-perfaqeson-vullnetin-tone","status":"publish","type":"post","link":"https:\/\/zjarr.tv\/sq\/ka-cuar-uje-tek-burimi-i-rames-flamur-noka-kuvendi-i-pd-do-mblidhet-kunder-bashes-ai-tashme-eshte-minorance-nuk-perfaqeson-vullnetin-tone\/","title":{"rendered":"Ka \u00e7uar uj\u00eb tek burimi i Ram\u00ebs\/ Flamur Noka: Kuvendi i PD do mblidhet kund\u00ebr Bash\u00ebs, ai tashm\u00eb \u00ebsht\u00eb minoranc\u00eb, nuk p\u00ebrfaq\u00ebson vullnetin ton\u00eb\u2026"},"content":{"rendered":"<p>Deputeti i PD Flamur Noka, ka dh\u00ebn\u00eb nj\u00eb deklarat\u00eb p\u00ebr mediat, sapo doli nga \u201cSelia Blu\u201d, ku si\u00e7 ka ndodhur edhe her\u00ebt e fundit, ka dal\u00eb haptazi kund\u00ebr kryedemokratit Lulzim Basha.<\/p>\n<p>N\u00eb fjal\u00ebn e tij, Noka ka th\u00ebn\u00eb se do t\u00eb mblidhej kuvendi komb\u00ebtar i PD dhe nuk kishte asnj\u00eb forc\u00eb q\u00eb mund ta ndalonte k\u00ebt\u00eb gj\u00eb. M\u00eb tej, ai tha se Kuvendi nuk mblidhej p\u00ebr diskutimin e vendimit t\u00eb SHBA, por kund\u00ebr Lulzim Bash\u00ebs, i cili sipas tij, tashm\u00eb ai ishte n\u00eb minoranc\u00eb dhe nuk p\u00ebrfaq\u00ebsonte m\u00eb vullnetin e demokrat\u00ebve.<\/p>\n<p><strong>Deputeti i partis\u00eb Demokratike, Flamur Noka<\/strong><\/p>\n<p>I b\u00ebra me dije q\u00eb duhet t\u00eb kontrolloj\u00eb artikulimin e tij sepse nuk mundet q\u00eb lideri i opozit\u00ebs t\u00eb kapet pas t\u00eb ashtuquajtur\u00ebs si \u201cproamerikaniz\u00ebm\u201d dhe t\u00eb sulmoj\u00eb baz\u00ebn. Kuvendi Komb\u00ebtar do mblidhet por jo p\u00ebr t\u00eb shqyrtuar vendimet e SHBA, por do t\u00eb mblidhet kund\u00ebr Lulzim Bash\u00ebs, kund\u00ebr kryetarit t\u00eb PD i cili tashm\u00eb \u00ebsht\u00eb minoranc\u00eb ilegjitim dhe nuk p\u00ebrfaq\u00ebson vullnetin ton\u00eb. Gjithcka \u00ebsht\u00eb n\u00eb proces dhe asgj\u00eb nuk mund t\u00eb ndaloj\u00eb vullnetin e an\u00ebtar\u00ebve t\u00eb PD. Nga informacionet q\u00eb kemi, ka disa dit\u00eb q\u00eb ka filluar takime me drejtues t\u00eb deg\u00ebve, duke u u shtruar shantazh q\u00eb t\u00eb sabotohen takimet e Berish\u00ebs. Kjo \u00ebsht\u00eb e turpshme dhe e neveritshme.<\/p>\n<p>Un\u00eb kam 30 vite n\u00eb k\u00ebt\u00eb parti, kam ardhur q\u00eb f\u00ebmij\u00eb. Po t\u00eb ishte p\u00ebr mua do isha mjek, por jam angazhuar p\u00ebr t\u00eb ardhmen e k\u00ebtij vendi. Ajo q\u00eb m\u00eb dhemb m\u00eb shum\u00eb se cdo gj\u00eb tjet\u00ebr \u00ebsht\u00eb fati i PD dhe i demokracis\u00eb n\u00eb Shqip\u00ebri sepse Basha me at\u00eb vendim p\u00ebrcau PD. I vetmi njeri q\u00eb \u00ebsht\u00eb sot i g\u00ebzuar nga ky vendim \u00ebsht\u00eb Edi Rama, ka cuar uj\u00eb vet\u00ebm tek burimi i tij. \u00c7dokush q\u00eb i ka dal\u00eb n\u00eb krah Bash\u00ebs ju e keni par\u00eb si kan\u00eb dal\u00eb t\u00eb zbehur t\u00eb tronditur sepse asnj\u00eb nuk ka qen\u00eb pro atij vendimi.<\/p>\n","protected":false},"excerpt":{"rendered":"<p>Deputeti i PD Flamur Noka, ka dh\u00ebn\u00eb nj\u00eb deklarat\u00eb p\u00ebr mediat, sapo doli nga \u201cSelia Blu\u201d, ku si\u00e7 ka ndodhur edhe her\u00ebt e fundit, ka dal\u00eb haptazi kund\u00ebr kryedemokratit Lulzim Basha. N\u00eb fjal\u00ebn e tij, Noka ka th\u00ebn\u00eb se do t\u00eb mblidhej kuvendi komb\u00ebtar i PD dhe nuk kishte asnj\u00eb forc\u00eb q\u00eb mund ta ndalonte [&hellip;]<\/p>\n","protected":false},"author":2016,"featured_media":204163,"comment_status":"closed","ping_status":"closed","sticky":false,"template":"","format":"standard","meta":{"footnotes":""},"categories":[241,1454],"tags":[],"class_list":{"0":"post-204162","1":"post","2":"type-post","3":"status-publish","4":"format-standard","5":"has-post-thumbnail","7":"category-aktualitet","8":"category-politike"},"_links":{"self":[{"href":"https:\/\/zjarr.tv\/sq\/wp-json\/wp\/v2\/posts\/204162","targetHints":{"allow":["GET"]}}],"collection":[{"href":"https:\/\/zjarr.tv\/sq\/wp-json\/wp\/v2\/posts"}],"about":[{"href":"https:\/\/zjarr.tv\/sq\/wp-json\/wp\/v2\/types\/post"}],"author":[{"embeddable":true,"href":"https:\/\/zjarr.tv\/sq\/wp-json\/wp\/v2\/users\/2016"}],"replies":[{"embeddable":true,"href":"https:\/\/zjarr.tv\/sq\/wp-json\/wp\/v2\/comments?post=204162"}],"version-history":[{"count":0,"href":"https:\/\/zjarr.tv\/sq\/wp-json\/wp\/v2\/posts\/204162\/revisions"}],"wp:featuredmedia":[{"embeddable":true,"href":"https:\/\/zjarr.tv\/sq\/wp-json\/wp\/v2\/media\/204163"}],"wp:attachment":[{"href":"https:\/\/zjarr.tv\/sq\/wp-json\/wp\/v2\/media?parent=204162"}],"wp:term":[{"taxonomy":"category","embeddable":true,"href":"https:\/\/zjarr.tv\/sq\/wp-json\/wp\/v2\/categories?post=204162"},{"taxonomy":"post_tag","embeddable":true,"href":"https:\/\/zjarr.tv\/sq\/wp-json\/wp\/v2\/tags?post=204162"}],"curies":[{"name":"wp","href":"https:\/\/api.w.org\/{rel}","templated":true}]}}