{"id":204165,"date":"2021-09-23T12:56:08","date_gmt":"2021-09-23T10:56:08","guid":{"rendered":"https:\/\/zjarr.tv\/?p=204165"},"modified":"2021-09-23T12:56:08","modified_gmt":"2021-09-23T10:56:08","slug":"spartak-ngjela-per-llallen-do-ti-thyenin-hundet-maks-haxhise-nuk-u-tremb-fare-prokurori-qe-ska-kapacitet-te-mbrohet-ne-gjyq-eshte-lepur","status":"publish","type":"post","link":"https:\/\/zjarr.tv\/sq\/spartak-ngjela-per-llallen-do-ti-thyenin-hundet-maks-haxhise-nuk-u-tremb-fare-prokurori-qe-ska-kapacitet-te-mbrohet-ne-gjyq-eshte-lepur\/","title":{"rendered":"Spartak Ngjela p\u00ebr Llall\u00ebn: Do t\u2019i thyenin hund\u00ebt Maks Haxhis\u00eb, nuk u tremb fare\/ Prokurori q\u00eb s\u2019ka kapacitet t\u00eb mbrohet n\u00eb gjyq \u00ebsht\u00eb lepur\u2026"},"content":{"rendered":"<p>Avokati Spartak Ngjela, i ftuar n\u00eb emisionin \u201cOpen\u201d, n\u00eb Top Channel ka krahasuar nj\u00eb rast t\u00eb avokatit Maks Haxhia, q\u00eb u p\u00ebrball me drejt\u00ebsin\u00eb dhe nuk u tremb fare nga shantazhet, disa vite m\u00eb par\u00eb, me rastin e ish-kryeprokurorit Adriatik Llalla.<\/p>\n<p>Ngjela e quajti lepur Llall\u00ebn, p\u00ebr faktin se nuk ishte n\u00eb sall\u00ebn e gjyqit n\u00eb momentin q\u00eb p\u00ebr t\u00eb u dha vendimi.<\/p>\n<p>\u201c<em>Do t\u2019i thyenin hund\u00ebt Maks Haxhis\u00eb kur ishte prokuror. Isha un\u00eb avokat i tij. Ishte koha e Sali Berish\u00ebs. Nuk u tremb fare nga shantazhet. Merre pyete Maks Haxhin\u00eb. Doli dinjitoz atje, ishte prokuror.<\/em><\/p>\n<p><em>Mbrojtjen e ka dinjitet \u00ebsht\u00eb prokuror i p\u00ebrgjithsh\u00ebm, duhet t\u00eb ishte n\u00eb sall\u00eb t\u2019i tregonte popullit q\u00eb ishte Prokuror i P\u00ebrgjithsh\u00ebm. Un\u00eb jam p\u00ebr shtetin shqiptar, kam 40 vjet. Nj\u00eb prokuror q\u00eb s\u2019ka kapacitet q\u00eb t\u00eb mbrohet n\u00eb gjyq, \u00ebsht\u00eb lepur<\/em>\u201d, shprehet Ngjela.<\/p>\n","protected":false},"excerpt":{"rendered":"<p>Avokati Spartak Ngjela, i ftuar n\u00eb emisionin \u201cOpen\u201d, n\u00eb Top Channel ka krahasuar nj\u00eb rast t\u00eb avokatit Maks Haxhia, q\u00eb u p\u00ebrball me drejt\u00ebsin\u00eb dhe nuk u tremb fare nga shantazhet, disa vite m\u00eb par\u00eb, me rastin e ish-kryeprokurorit Adriatik Llalla. Ngjela e quajti lepur Llall\u00ebn, p\u00ebr faktin se nuk ishte n\u00eb sall\u00ebn e gjyqit [&hellip;]<\/p>\n","protected":false},"author":2016,"featured_media":204069,"comment_status":"closed","ping_status":"closed","sticky":false,"template":"","format":"standard","meta":{"footnotes":""},"categories":[241,1454],"tags":[],"class_list":{"0":"post-204165","1":"post","2":"type-post","3":"status-publish","4":"format-standard","5":"has-post-thumbnail","7":"category-aktualitet","8":"category-politike"},"_links":{"self":[{"href":"https:\/\/zjarr.tv\/sq\/wp-json\/wp\/v2\/posts\/204165","targetHints":{"allow":["GET"]}}],"collection":[{"href":"https:\/\/zjarr.tv\/sq\/wp-json\/wp\/v2\/posts"}],"about":[{"href":"https:\/\/zjarr.tv\/sq\/wp-json\/wp\/v2\/types\/post"}],"author":[{"embeddable":true,"href":"https:\/\/zjarr.tv\/sq\/wp-json\/wp\/v2\/users\/2016"}],"replies":[{"embeddable":true,"href":"https:\/\/zjarr.tv\/sq\/wp-json\/wp\/v2\/comments?post=204165"}],"version-history":[{"count":0,"href":"https:\/\/zjarr.tv\/sq\/wp-json\/wp\/v2\/posts\/204165\/revisions"}],"wp:featuredmedia":[{"embeddable":true,"href":"https:\/\/zjarr.tv\/sq\/wp-json\/wp\/v2\/media\/204069"}],"wp:attachment":[{"href":"https:\/\/zjarr.tv\/sq\/wp-json\/wp\/v2\/media?parent=204165"}],"wp:term":[{"taxonomy":"category","embeddable":true,"href":"https:\/\/zjarr.tv\/sq\/wp-json\/wp\/v2\/categories?post=204165"},{"taxonomy":"post_tag","embeddable":true,"href":"https:\/\/zjarr.tv\/sq\/wp-json\/wp\/v2\/tags?post=204165"}],"curies":[{"name":"wp","href":"https:\/\/api.w.org\/{rel}","templated":true}]}}