{"id":205267,"date":"2021-09-27T16:25:29","date_gmt":"2021-09-27T14:25:29","guid":{"rendered":"https:\/\/zjarr.tv\/?p=205267"},"modified":"2021-09-27T16:25:29","modified_gmt":"2021-09-27T14:25:29","slug":"e-ka-kritikuar-gjithmone-tenori-shqiptar-kemi-vuajtur-mjaftueshem-eshte-koha-qe","status":"publish","type":"post","link":"https:\/\/zjarr.tv\/sq\/e-ka-kritikuar-gjithmone-tenori-shqiptar-kemi-vuajtur-mjaftueshem-eshte-koha-qe\/","title":{"rendered":"E ka kritikuar gjithmon\u00eb, tenori shqiptar: Kemi vuajtur mjaftuesh\u00ebm, \u00ebsht\u00eb koha q\u00eb\u2026"},"content":{"rendered":"<p>Tenori shqiptar Ram\u00eb Lahaj p\u00ebrve\u00e7se njihet p\u00ebr talentin e tij shpesh her\u00eb diskutohet n\u00eb media edhe p\u00ebr \u00e7\u00ebshtjet politike n\u00eb t\u00eb cilat ai nuk nguron t\u00eb jap\u00eb mendimin e tij.<\/p>\n<p>Kujtojm\u00eb se n\u00eb muajt korrik dhe gusht ai e ka kritikuar ashp\u00ebr kryeministrin Rama, mir\u00ebpo dit\u00ebn e sotme Lahaj ka dal\u00eb publikisht n\u00eb mb\u00ebshtetje t\u00eb tij.<\/p>\n<p>P\u00ebrmes nj\u00eb postimi n\u00eb rrjetet sociale Lahaj ka komentuar takimin e zhvilluar dit\u00ebn e sotme mes kryeministrit Rama dhe atij t\u00eb Kosov\u00ebs, Albin Kurtit.<\/p>\n<p>Sipas tenorit Kosova dhe Shqip\u00ebria duhet t\u00eb jen\u00eb krah nj\u00ebra tjetr\u00ebs, nj\u00ebjt\u00eb si v\u00ebllai i madh i cili \u00ebsht\u00eb aty gjithmon\u00eb p\u00ebr t\u00eb voglin.<\/p>\n<p>\u201cVllau i madh asht e duhet t\u00eb jet\u00eb krah p\u00ebr t\u00eb voglin, p\u00ebr ma shum\u00eb q\u00eb nxen edhe vendin e bab\u00ebs,\u00a0 at\u00ebher\u00eb kur ai nuk rron ma. Si asnjiher\u00eb\u00a0 ma par\u00eb, i lumtunum jam\u00a0 me qasjen e Kryeministrit Edi Rama, si me takimin e tij me OKB, e po ashtu edhe me vizit\u00ebn e tij n\u00eb Prishtin\u00eb.<\/p>\n<p>K\u00ebshtu t\u00eb duam ne\u00a0 shqiptaret gjithandej globit. Si vllazen duam me ju pa gjithmon\u00eb krah p\u00ebr krah me njani tjetrin. Kemi vuajt mjaftuesh\u00ebm, ju andej kufini e na knej. Asht koha ma shum\u00eb se kurr t\u00eb bashkohmi p\u00ebr t\u00eb mir\u00ebn e perbashk\u00ebt! Edi Rama Albin Kurti\u00a0\u201d, shkruan Lahaj.<\/p>\n","protected":false},"excerpt":{"rendered":"<p>Tenori shqiptar Ram\u00eb Lahaj p\u00ebrve\u00e7se njihet p\u00ebr talentin e tij shpesh her\u00eb diskutohet n\u00eb media edhe p\u00ebr \u00e7\u00ebshtjet politike n\u00eb t\u00eb cilat ai nuk nguron t\u00eb jap\u00eb mendimin e tij. Kujtojm\u00eb se n\u00eb muajt korrik dhe gusht ai e ka kritikuar ashp\u00ebr kryeministrin Rama, mir\u00ebpo dit\u00ebn e sotme Lahaj ka dal\u00eb publikisht n\u00eb mb\u00ebshtetje t\u00eb [&hellip;]<\/p>\n","protected":false},"author":2030,"featured_media":0,"comment_status":"closed","ping_status":"closed","sticky":false,"template":"","format":"standard","meta":{"footnotes":""},"categories":[241,364],"tags":[],"class_list":{"0":"post-205267","1":"post","2":"type-post","3":"status-publish","4":"format-standard","6":"category-aktualitet","7":"category-koment-opinion"},"_links":{"self":[{"href":"https:\/\/zjarr.tv\/sq\/wp-json\/wp\/v2\/posts\/205267","targetHints":{"allow":["GET"]}}],"collection":[{"href":"https:\/\/zjarr.tv\/sq\/wp-json\/wp\/v2\/posts"}],"about":[{"href":"https:\/\/zjarr.tv\/sq\/wp-json\/wp\/v2\/types\/post"}],"author":[{"embeddable":true,"href":"https:\/\/zjarr.tv\/sq\/wp-json\/wp\/v2\/users\/2030"}],"replies":[{"embeddable":true,"href":"https:\/\/zjarr.tv\/sq\/wp-json\/wp\/v2\/comments?post=205267"}],"version-history":[{"count":0,"href":"https:\/\/zjarr.tv\/sq\/wp-json\/wp\/v2\/posts\/205267\/revisions"}],"wp:attachment":[{"href":"https:\/\/zjarr.tv\/sq\/wp-json\/wp\/v2\/media?parent=205267"}],"wp:term":[{"taxonomy":"category","embeddable":true,"href":"https:\/\/zjarr.tv\/sq\/wp-json\/wp\/v2\/categories?post=205267"},{"taxonomy":"post_tag","embeddable":true,"href":"https:\/\/zjarr.tv\/sq\/wp-json\/wp\/v2\/tags?post=205267"}],"curies":[{"name":"wp","href":"https:\/\/api.w.org\/{rel}","templated":true}]}}