{"id":205320,"date":"2021-09-27T18:02:15","date_gmt":"2021-09-27T16:02:15","guid":{"rendered":"https:\/\/zjarr.tv\/?p=205320"},"modified":"2021-09-27T18:02:15","modified_gmt":"2021-09-27T16:02:15","slug":"shendet-ambasador-rama-i-shmanget-pyetjes-me-batuta-pse-teshtin-kur-une-them-gjera-negative-per-qeverine-time","status":"publish","type":"post","link":"https:\/\/zjarr.tv\/sq\/shendet-ambasador-rama-i-shmanget-pyetjes-me-batuta-pse-teshtin-kur-une-them-gjera-negative-per-qeverine-time\/","title":{"rendered":"\u201cSh\u00ebndet ambasador!\u201d, Rama i shmanget pyetjes me batuta: Pse teshtin kur un\u00eb them gj\u00ebra negative p\u00ebr qeverin\u00eb time?"},"content":{"rendered":"<p>Gjat\u00eb bashk\u00ebbisedimit me student\u00ebt n\u00eb Prishtine, kryeministri u pyet lidhur me t\u00eb gjith\u00eb student\u00ebt e Kosov\u00ebs q\u00eb duan t\u00eb studiojn\u00eb n\u00eb universitetet publike n\u00eb Shqip\u00ebri dhe anasjelltas.<\/p>\n<p>N\u00eb nisjen e p\u00ebrgjigjies Rama shk\u00ebmbeu batuta me ambasadorin e Shqip\u00ebris\u00eb n\u00eb Kosov\u00eb, Qemal Minxhozi i cili teshtiu gjat\u00eb koh\u00ebs q\u00eb kryeminstri po fliste p\u00ebr disa ligje \u2018absurde\u2019 n\u00eb Shqip\u00ebri lidhur me arsimin. Pasi i tha sh\u00ebndet ai iu drejtua duke i th\u00ebn\u00eb pse duhet t\u00eb teshtij\u00eb kur fliten gj\u00ebra negative.<\/p>\n<p>Rama shpjegoi m\u00eb pas se ligjet jan\u00eb ndryshuar dhe cdo student i Kosov\u00eb q\u00eb do t\u00eb studioj\u00eb n\u00eb Shqip\u00ebri do t\u00eb ket\u00eb nj\u00eb leje q\u00ebndrimi pa afat dhe me procedura shum\u00eb t\u00eb thjeshta dhe tha se po punohet p\u00ebr tu krijuar sa m\u00eb shum\u00eb hap\u00ebsira n\u00eb universitetet publike.<\/p>\n<p>Pyetja e studentit: P\u00ebr t\u00eb gjith\u00eb ata q\u00eb duan t\u00eb studiojn\u00eb n\u00eb Shqip\u00ebri dhe anasjelltas ,por limitohen n\u00eb universitete publike atje, a ka bashk\u00ebpunim prej dy qeverive p\u00ebr k\u00ebt\u00eb?<\/p>\n<p>Rama:<\/p>\n<p>\u201cPyetje me vend, pasi m\u00eb jep mund\u00ebsin\u00eb q\u00eb t\u2019i kthehem c\u00ebshtjes s\u00eb strukturimit n\u00eb fush\u00ebn e arsimit, lidhur me njohjen e diplomave me kontraditat e ligjit k\u00ebtu dhe n\u00eb Shqip\u00ebri.<\/p>\n<p>Cdo qytetar i Kosov\u00ebs q\u00eb vjen atje nuk ka m\u00eb nevoj\u00eb p\u00ebr dokumente pasi do merret nj\u00eb leje qendrimi pa afat me nj\u00eb procedur\u00eb shum\u00eb t\u00eb shkurt\u00ebr.<\/p>\n<p>N\u00eb legjislacionin ton\u00eb ka nj\u00eb absurditet\u2026 Ambasador Sh\u00ebndet! Fjal\u00eb e v\u00ebrtet\u00eb! (T\u00eb qeshura n\u00eb sall\u00eb) Teshtive vet\u00ebm kur fola keq p\u00ebr qeverin\u00eb time.<\/p>\n<p>Ligji thoshte se \u00e7dokush qe vjen nga BE mund t\u00eb marr\u00eb leje qendrimi dhe t\u00eb punoj\u00eb ku t\u00eb doj\u00eb nd\u00ebrkoh\u00eb p\u00ebr qytetar\u00ebt e Kosov\u00ebs duhej vepruar ishte sikur ishin arab\u00eb ose kinez\u00eb. Ne arrit\u00ebm ta heqim k\u00ebt\u00eb duke i trajtuar si t\u00eb gjith\u00eb qytetar\u00ebt e BE-s\u00eb.<\/p>\n<p>Ne duam tu japim hap\u00ebsir\u00eb student\u00ebve nga Kosova n\u00eb universitetet tona, p\u00ebr momentin nuk kam nj\u00eb p\u00ebrgjigjie p\u00ebrfundimtare por do p\u00ebrpiqemi p\u00ebr partneritet dhe diplom\u00eb t\u00eb barazvlefshme\u201d<\/p>\n","protected":false},"excerpt":{"rendered":"<p>Gjat\u00eb bashk\u00ebbisedimit me student\u00ebt n\u00eb Prishtine, kryeministri u pyet lidhur me t\u00eb gjith\u00eb student\u00ebt e Kosov\u00ebs q\u00eb duan t\u00eb studiojn\u00eb n\u00eb universitetet publike n\u00eb Shqip\u00ebri dhe anasjelltas. N\u00eb nisjen e p\u00ebrgjigjies Rama shk\u00ebmbeu batuta me ambasadorin e Shqip\u00ebris\u00eb n\u00eb Kosov\u00eb, Qemal Minxhozi i cili teshtiu gjat\u00eb koh\u00ebs q\u00eb kryeminstri po fliste p\u00ebr disa ligje \u2018absurde\u2019 [&hellip;]<\/p>\n","protected":false},"author":2031,"featured_media":202980,"comment_status":"closed","ping_status":"closed","sticky":false,"template":"","format":"standard","meta":{"footnotes":""},"categories":[231],"tags":[],"class_list":{"0":"post-205320","1":"post","2":"type-post","3":"status-publish","4":"format-standard","5":"has-post-thumbnail","7":"category-lajme"},"_links":{"self":[{"href":"https:\/\/zjarr.tv\/sq\/wp-json\/wp\/v2\/posts\/205320","targetHints":{"allow":["GET"]}}],"collection":[{"href":"https:\/\/zjarr.tv\/sq\/wp-json\/wp\/v2\/posts"}],"about":[{"href":"https:\/\/zjarr.tv\/sq\/wp-json\/wp\/v2\/types\/post"}],"author":[{"embeddable":true,"href":"https:\/\/zjarr.tv\/sq\/wp-json\/wp\/v2\/users\/2031"}],"replies":[{"embeddable":true,"href":"https:\/\/zjarr.tv\/sq\/wp-json\/wp\/v2\/comments?post=205320"}],"version-history":[{"count":0,"href":"https:\/\/zjarr.tv\/sq\/wp-json\/wp\/v2\/posts\/205320\/revisions"}],"wp:featuredmedia":[{"embeddable":true,"href":"https:\/\/zjarr.tv\/sq\/wp-json\/wp\/v2\/media\/202980"}],"wp:attachment":[{"href":"https:\/\/zjarr.tv\/sq\/wp-json\/wp\/v2\/media?parent=205320"}],"wp:term":[{"taxonomy":"category","embeddable":true,"href":"https:\/\/zjarr.tv\/sq\/wp-json\/wp\/v2\/categories?post=205320"},{"taxonomy":"post_tag","embeddable":true,"href":"https:\/\/zjarr.tv\/sq\/wp-json\/wp\/v2\/tags?post=205320"}],"curies":[{"name":"wp","href":"https:\/\/api.w.org\/{rel}","templated":true}]}}