{"id":205399,"date":"2021-09-28T07:20:19","date_gmt":"2021-09-28T05:20:19","guid":{"rendered":"https:\/\/zjarr.tv\/?p=205399"},"modified":"2021-09-28T07:20:19","modified_gmt":"2021-09-28T05:20:19","slug":"grida-duma-duhet-nje-pd-e-bashkuar-vendimi-i-bashes-e-keqja-me-e-vogel","status":"publish","type":"post","link":"https:\/\/zjarr.tv\/sq\/grida-duma-duhet-nje-pd-e-bashkuar-vendimi-i-bashes-e-keqja-me-e-vogel\/","title":{"rendered":"Grida Duma: Duhet nj\u00eb PD e bashkuar, vendimi i Bash\u00ebs e keqja m\u00eb e vog\u00ebl\u2026"},"content":{"rendered":"<p>N\u00ebnkryetarja e Partis\u00eb Demokratike, Grida Duma ka komentuar dit\u00ebn e sotme Foltoren e Berish\u00ebs.<\/p>\n<p>Gjithashtu, Duma \u00ebsht\u00eb shprehur se mb\u00ebshtet\u00ebsit e Berish\u00ebs jan\u00eb plot\u00ebsisht demokrat\u00eb, teksa ajo thekson se nuk e gjykon ish-kryeministrin p\u00ebr venimin e marr\u00eb mbi mbledhjet e krijuara n\u00eb \u00e7do qytet. Nd\u00ebr t\u00eb tjera, sipas Dum\u00ebs duhet nj\u00eb PD e bashkuar dhe demokrat\u00ebt t\u00eb jen\u00eb sup m\u00eb sup me nj\u00ebri-tjetrin.<\/p>\n<p><em style=\"font-weight: inherit;\">\u201cMb\u00ebshtet\u00ebsit e Berish\u00ebs jan\u00eb plot\u00ebsisht demokrat\u00eb. Mendimet e tyre duhen respektuar. Kan\u00eb ndjekur lidershipin e kaluar, t\u00eb sot\u00ebm, dhe detyra e liderishipit e hierarkis\u00eb s\u00eb saj \u00ebsht\u00eb q\u00eb bashkoi t\u00eb shkuar\u00ebn me t\u00eb ardhmen. Arm\u00ebt, fuqin\u00eb etj. Mos i preket historia e tyre p\u00ebr t\u00eb cil\u00ebt duhet t\u00eb jen\u00eb krenar\u00eb. Bashk\u00eb me partnerin SHBA t\u2019i \u00e7oj\u00eb n\u00eb fitore. Kjo nuk \u00ebsht\u00eb idealiz\u00ebm, por detyr\u00eb. Nuk them k\u00ebtu \u00e7far\u00eb duhet b\u00ebr\u00eb ndryshe. Nuk i jap ndonj\u00ebrit k\u00ebshill\u00eb personale, s\u2019e kam k\u00ebt\u00eb delir. Nuk i jap dot. Padiskutim q\u00eb sot l\u00ebm\u00eb m\u00ebnjan\u00eb vendimet e marra apo kusht\u00ebzimet mbi to, p\u00ebr t\u00eb par\u00eb p\u00ebr t\u00eb ardhmen. Kjo i duhet demokrat\u00ebve, pas t\u00eb gjithave k\u00ebtyre na duhet PD e bashkuar. Demokrat\u00ebt duhet t\u00eb jen\u00eb sup m\u00eb sup.<\/em><\/p>\n<p><em style=\"font-weight: inherit;\">Nuk e gjykoj aksionin, \u00ebsht\u00eb vullnet i tij. Nuk marr p\u00ebrsip\u00ebr t\u00eb jap k\u00ebshilla. N\u00eb nj\u00eb moment t\u00eb cakuar kam th\u00ebn\u00eb q\u00eb Basha nuk e p\u00ebrcolli tek an\u00ebtar\u00ebsia, nuk dua t\u00eb imagjinoj demokrat\u00eb t\u00eb Bash\u00ebs e Berish\u00ebs. N\u00ebse ka k\u00ebtu ndonj\u00eb p\u00ebrgjegj\u00ebsi p\u00ebrve\u00e7 p\u00ebrgjegj\u00ebsisi\u00eb p\u00ebr t\u00eb qen\u00eb t\u00eb bashkuar. Duhet ti th\u00ebrrasim refleksionit, arsyes, p\u00ebr t\u2019i th\u00ebn\u00eb q\u00eb s\u2019ka arsye tjet\u00ebr p\u00ebr t\u00eb shkuar drejt fitores.<\/em><\/p>\n<p><em style=\"font-weight: inherit;\">Mendoj q\u00eb sa m\u00eb tep\u00ebr t\u00eb japim mesazhe t\u00eb k\u00ebsaj natyre, ata jan\u00eb t\u00eb par\u00ebt q\u00eb duhet t\u00eb p\u00ebrfitojn\u00eb. Mbaj mend, po nuk m\u00eb hiqet nga mendja sa mbledhje kemi b\u00ebr\u00eb ato 8 vite, por na harroni. E kam shum\u00eb t\u00eb r\u00ebnd\u00ebsishme k\u00ebt\u00eb. Akoma dhe sot ka individ\u00eb q\u00eb ndiqen n\u00eb gjyqe se kan\u00eb ardhur n\u00eb protesta. Jo m\u00eb shum\u00eb se dy or\u00eb m\u00eb par\u00eb po merresha me nj\u00eb rast t\u00eb till\u00eb. K\u00ebta njer\u00ebz kan\u00eb rrezikuar p\u00ebr PD. Do t\u00eb gjejm\u00eb m\u00ebnyrat p\u00ebr t\u2019i vler\u00ebsuar. \u00a0Ishte nj\u00eb vendim, e keqja m\u00eb e vog\u00ebl. Nuk ishte vendim i thjesht\u00eb<\/em><\/p>\n<p><em style=\"font-weight: inherit;\">P\u00ebrgjegj\u00ebsia e tij p\u00ebr t\u00eb mos e deleguar te an\u00ebtar\u00ebsia, apo referendum, por tek shpatullat e tij \u00ebsht\u00eb nj\u00eb akt vendimmarr\u00ebs i\u00a0 mir\u00eb.\u201d<\/em>\u2013 u shpreh Duma.<\/p>\n","protected":false},"excerpt":{"rendered":"<p>N\u00ebnkryetarja e Partis\u00eb Demokratike, Grida Duma ka komentuar dit\u00ebn e sotme Foltoren e Berish\u00ebs. Gjithashtu, Duma \u00ebsht\u00eb shprehur se mb\u00ebshtet\u00ebsit e Berish\u00ebs jan\u00eb plot\u00ebsisht demokrat\u00eb, teksa ajo thekson se nuk e gjykon ish-kryeministrin p\u00ebr venimin e marr\u00eb mbi mbledhjet e krijuara n\u00eb \u00e7do qytet. Nd\u00ebr t\u00eb tjera, sipas Dum\u00ebs duhet nj\u00eb PD e bashkuar dhe [&hellip;]<\/p>\n","protected":false},"author":2016,"featured_media":205400,"comment_status":"closed","ping_status":"closed","sticky":false,"template":"","format":"standard","meta":{"footnotes":""},"categories":[241,1454],"tags":[3051],"class_list":{"0":"post-205399","1":"post","2":"type-post","3":"status-publish","4":"format-standard","5":"has-post-thumbnail","7":"category-aktualitet","8":"category-politike","9":"tag-lajme-zjarr-grida-duma-zjarr-tv"},"_links":{"self":[{"href":"https:\/\/zjarr.tv\/sq\/wp-json\/wp\/v2\/posts\/205399","targetHints":{"allow":["GET"]}}],"collection":[{"href":"https:\/\/zjarr.tv\/sq\/wp-json\/wp\/v2\/posts"}],"about":[{"href":"https:\/\/zjarr.tv\/sq\/wp-json\/wp\/v2\/types\/post"}],"author":[{"embeddable":true,"href":"https:\/\/zjarr.tv\/sq\/wp-json\/wp\/v2\/users\/2016"}],"replies":[{"embeddable":true,"href":"https:\/\/zjarr.tv\/sq\/wp-json\/wp\/v2\/comments?post=205399"}],"version-history":[{"count":0,"href":"https:\/\/zjarr.tv\/sq\/wp-json\/wp\/v2\/posts\/205399\/revisions"}],"wp:featuredmedia":[{"embeddable":true,"href":"https:\/\/zjarr.tv\/sq\/wp-json\/wp\/v2\/media\/205400"}],"wp:attachment":[{"href":"https:\/\/zjarr.tv\/sq\/wp-json\/wp\/v2\/media?parent=205399"}],"wp:term":[{"taxonomy":"category","embeddable":true,"href":"https:\/\/zjarr.tv\/sq\/wp-json\/wp\/v2\/categories?post=205399"},{"taxonomy":"post_tag","embeddable":true,"href":"https:\/\/zjarr.tv\/sq\/wp-json\/wp\/v2\/tags?post=205399"}],"curies":[{"name":"wp","href":"https:\/\/api.w.org\/{rel}","templated":true}]}}