{"id":205403,"date":"2021-09-28T07:28:27","date_gmt":"2021-09-28T05:28:27","guid":{"rendered":"https:\/\/zjarr.tv\/?p=205403"},"modified":"2021-09-28T07:28:27","modified_gmt":"2021-09-28T05:28:27","slug":"emmanuel-macron-goditet-me-veze-gjate-vizites-ne-nje-ekspozite","status":"publish","type":"post","link":"https:\/\/zjarr.tv\/sq\/emmanuel-macron-goditet-me-veze-gjate-vizites-ne-nje-ekspozite\/","title":{"rendered":"Emmanuel Macron goditet me vez\u00eb gjat\u00eb vizit\u00ebs n\u00eb nj\u00eb ekspozit\u00eb\u2026"},"content":{"rendered":"<p style=\"line-height: 17.65pt; vertical-align: baseline;\"><span style=\"color: #464343;\">Presidenti francez, Emmanuel Macron \u00ebsht\u00eb hasur me nj\u00eb incident aspak t\u00eb k\u00ebndsh\u00ebm, gjat\u00eb vizit\u00ebs s\u00eb tij n\u00eb Ekspozit\u00ebn e 20 -t\u00eb nd\u00ebrkomb\u00ebtare t\u00eb Gastronomis\u00eb, n\u00eb Lyon.<\/span><\/p>\n<p style=\"line-height: 17.65pt; vertical-align: baseline;\"><span style=\"color: #464343;\">Nj\u00eb i ri i cili ndodhej n\u00eb ambientet e ekspozit\u00ebs q\u00eb po vizitonte Kurti mori nj\u00eb vez\u00eb, e cila ndoshta ishte atje si l\u00ebnd\u00eb e par\u00eb p\u00ebr ekspozit\u00ebn, dhe ia hodhi Macronit.<\/span><\/p>\n<p style=\"line-height: 17.65pt; vertical-align: baseline;\"><span style=\"color: #464343;\">Sipas njoftimit zyrtar t\u00eb autoriteteve, autori u arrestua nga sh\u00ebrbimet e siguris\u00eb.<img loading=\"lazy\" decoding=\"async\" class=\"alignnone size-full wp-image-205405\" src=\"https:\/\/zjarr.tv\/wp-content\/uploads\/2021\/09\/story-1.png\" alt=\"\" width=\"569\" height=\"564\" srcset=\"https:\/\/zjarr.tv\/wp-content\/uploads\/2021\/09\/story-1.png 569w, https:\/\/zjarr.tv\/wp-content\/uploads\/2021\/09\/story-1-300x297.png 300w, https:\/\/zjarr.tv\/wp-content\/uploads\/2021\/09\/story-1-150x150.png 150w, https:\/\/zjarr.tv\/wp-content\/uploads\/2021\/09\/story-1-424x420.png 424w\" sizes=\"auto, (max-width: 569px) 100vw, 569px\" \/><\/span><\/p>\n","protected":false},"excerpt":{"rendered":"<p>Presidenti francez, Emmanuel Macron \u00ebsht\u00eb hasur me nj\u00eb incident aspak t\u00eb k\u00ebndsh\u00ebm, gjat\u00eb vizit\u00ebs s\u00eb tij n\u00eb Ekspozit\u00ebn e 20 -t\u00eb nd\u00ebrkomb\u00ebtare t\u00eb Gastronomis\u00eb, n\u00eb Lyon. Nj\u00eb i ri i cili ndodhej n\u00eb ambientet e ekspozit\u00ebs q\u00eb po vizitonte Kurti mori nj\u00eb vez\u00eb, e cila ndoshta ishte atje si l\u00ebnd\u00eb e par\u00eb p\u00ebr ekspozit\u00ebn, dhe [&hellip;]<\/p>\n","protected":false},"author":2016,"featured_media":205404,"comment_status":"closed","ping_status":"closed","sticky":false,"template":"","format":"standard","meta":{"footnotes":""},"categories":[191],"tags":[5246],"class_list":{"0":"post-205403","1":"post","2":"type-post","3":"status-publish","4":"format-standard","5":"has-post-thumbnail","7":"category-bota","8":"tag-lajme-zjarr-macron-goditet-me-veze-zjarr-tv"},"_links":{"self":[{"href":"https:\/\/zjarr.tv\/sq\/wp-json\/wp\/v2\/posts\/205403","targetHints":{"allow":["GET"]}}],"collection":[{"href":"https:\/\/zjarr.tv\/sq\/wp-json\/wp\/v2\/posts"}],"about":[{"href":"https:\/\/zjarr.tv\/sq\/wp-json\/wp\/v2\/types\/post"}],"author":[{"embeddable":true,"href":"https:\/\/zjarr.tv\/sq\/wp-json\/wp\/v2\/users\/2016"}],"replies":[{"embeddable":true,"href":"https:\/\/zjarr.tv\/sq\/wp-json\/wp\/v2\/comments?post=205403"}],"version-history":[{"count":0,"href":"https:\/\/zjarr.tv\/sq\/wp-json\/wp\/v2\/posts\/205403\/revisions"}],"wp:featuredmedia":[{"embeddable":true,"href":"https:\/\/zjarr.tv\/sq\/wp-json\/wp\/v2\/media\/205404"}],"wp:attachment":[{"href":"https:\/\/zjarr.tv\/sq\/wp-json\/wp\/v2\/media?parent=205403"}],"wp:term":[{"taxonomy":"category","embeddable":true,"href":"https:\/\/zjarr.tv\/sq\/wp-json\/wp\/v2\/categories?post=205403"},{"taxonomy":"post_tag","embeddable":true,"href":"https:\/\/zjarr.tv\/sq\/wp-json\/wp\/v2\/tags?post=205403"}],"curies":[{"name":"wp","href":"https:\/\/api.w.org\/{rel}","templated":true}]}}