{"id":205415,"date":"2021-09-28T07:56:36","date_gmt":"2021-09-28T05:56:36","guid":{"rendered":"https:\/\/zjarr.tv\/?p=205415"},"modified":"2021-09-28T07:56:36","modified_gmt":"2021-09-28T05:56:36","slug":"edi-rama-i-prere-tarifa-ne-rrugen-e-kombit-nuk-do-te-hiqet-edhe-po-e-kerkoi-kosova","status":"publish","type":"post","link":"https:\/\/zjarr.tv\/sq\/edi-rama-i-prere-tarifa-ne-rrugen-e-kombit-nuk-do-te-hiqet-edhe-po-e-kerkoi-kosova\/","title":{"rendered":"Edi Rama i prer\u00eb: Tarifa n\u00eb Rrug\u00ebn e Kombit nuk do t\u00eb hiqet edhe po e k\u00ebrkoi Kosova\u2026"},"content":{"rendered":"<p style=\"background: white; vertical-align: baseline; margin: 0in 0in 19.5pt 0in;\"><span style=\"color: #222222;\">Kryeministri Edi Rama, ka dh\u00ebn\u00eb nj\u00eb p\u00ebrgjigje t\u00eb prer\u00eb kur \u00ebsht\u00eb pyetur p\u00ebr heqjen e tarif\u00ebs n\u00eb Rrug\u00ebn e Kombit.<\/span><\/p>\n<p style=\"background: white; vertical-align: baseline; -webkit-tap-highlight-color: transparent !important; box-sizing: border-box; overflow-wrap: break-word; margin: 0in 0in 19.5pt 0in;\"><span style=\"color: #222222;\">Ai u shpreh se ajo tarif\u00eb nuk do t\u00eb hiqet edhe sikur ta k\u00ebrkoj\u00eb qeveria e Kosov\u00ebs, pasi \u00ebsht\u00eb nj\u00eb tarif\u00eb sh\u00ebrbimi brenda vendit ton\u00eb.<\/span><\/p>\n<p style=\"background: white; vertical-align: baseline; -webkit-tap-highlight-color: transparent !important; box-sizing: border-box; overflow-wrap: break-word; margin: 0in 0in 19.5pt 0in;\"><span style=\"color: #222222;\">Pyetje: Kosova mund t\u00eb k\u00ebrkoj\u00eb heqjen e tarif\u00ebs n\u00eb Rrug\u00ebn e Kombit, a do ta diskutoni n\u00eb mbledhjen e qeverive?<\/span><\/p>\n<p style=\"background: white; vertical-align: baseline; -webkit-tap-highlight-color: transparent !important; box-sizing: border-box; overflow-wrap: break-word; margin: 0in 0in 19.5pt 0in;\"><span style=\"color: #222222;\">Rama: At\u00eb mund ta k\u00ebrkojn\u00eb, por nuk ka p\u00ebr t\u2019u hequr. Ajo \u00ebsht\u00eb nj\u00eb tarif\u00eb sh\u00ebrbimi, dhe tarifat e sh\u00ebrbimit vendet i kan\u00eb brenda p\u00ebrbrenda vendit t\u00eb tyre. Patriot\u00ebt q\u00eb e konsiderojn\u00eb k\u00ebt\u00eb hap\u00ebsir\u00ebn e nj\u00eb kombi, duhet t\u00eb paguajn\u00eb p\u00ebr rrug\u00ebn aty ku e p\u00ebrdorin, qofshin patriot\u00eb shqiptar\u00eb apo t\u00eb Kosov\u00ebs.<\/span><\/p>\n","protected":false},"excerpt":{"rendered":"<p>Kryeministri Edi Rama, ka dh\u00ebn\u00eb nj\u00eb p\u00ebrgjigje t\u00eb prer\u00eb kur \u00ebsht\u00eb pyetur p\u00ebr heqjen e tarif\u00ebs n\u00eb Rrug\u00ebn e Kombit. Ai u shpreh se ajo tarif\u00eb nuk do t\u00eb hiqet edhe sikur ta k\u00ebrkoj\u00eb qeveria e Kosov\u00ebs, pasi \u00ebsht\u00eb nj\u00eb tarif\u00eb sh\u00ebrbimi brenda vendit ton\u00eb. Pyetje: Kosova mund t\u00eb k\u00ebrkoj\u00eb heqjen e tarif\u00ebs n\u00eb Rrug\u00ebn [&hellip;]<\/p>\n","protected":false},"author":2016,"featured_media":205416,"comment_status":"closed","ping_status":"closed","sticky":false,"template":"","format":"standard","meta":{"footnotes":""},"categories":[241,1454],"tags":[5249],"class_list":{"0":"post-205415","1":"post","2":"type-post","3":"status-publish","4":"format-standard","5":"has-post-thumbnail","7":"category-aktualitet","8":"category-politike","9":"tag-lajme-zjarr-edi-rama-i-prere-zjarr-tv"},"_links":{"self":[{"href":"https:\/\/zjarr.tv\/sq\/wp-json\/wp\/v2\/posts\/205415","targetHints":{"allow":["GET"]}}],"collection":[{"href":"https:\/\/zjarr.tv\/sq\/wp-json\/wp\/v2\/posts"}],"about":[{"href":"https:\/\/zjarr.tv\/sq\/wp-json\/wp\/v2\/types\/post"}],"author":[{"embeddable":true,"href":"https:\/\/zjarr.tv\/sq\/wp-json\/wp\/v2\/users\/2016"}],"replies":[{"embeddable":true,"href":"https:\/\/zjarr.tv\/sq\/wp-json\/wp\/v2\/comments?post=205415"}],"version-history":[{"count":0,"href":"https:\/\/zjarr.tv\/sq\/wp-json\/wp\/v2\/posts\/205415\/revisions"}],"wp:featuredmedia":[{"embeddable":true,"href":"https:\/\/zjarr.tv\/sq\/wp-json\/wp\/v2\/media\/205416"}],"wp:attachment":[{"href":"https:\/\/zjarr.tv\/sq\/wp-json\/wp\/v2\/media?parent=205415"}],"wp:term":[{"taxonomy":"category","embeddable":true,"href":"https:\/\/zjarr.tv\/sq\/wp-json\/wp\/v2\/categories?post=205415"},{"taxonomy":"post_tag","embeddable":true,"href":"https:\/\/zjarr.tv\/sq\/wp-json\/wp\/v2\/tags?post=205415"}],"curies":[{"name":"wp","href":"https:\/\/api.w.org\/{rel}","templated":true}]}}