{"id":205571,"date":"2021-09-28T18:24:36","date_gmt":"2021-09-28T16:24:36","guid":{"rendered":"https:\/\/zjarr.tv\/?p=205571"},"modified":"2021-09-28T18:24:36","modified_gmt":"2021-09-28T16:24:36","slug":"lajmi-fundit-rrezohet-nje-avion-ne-pisten-e-rinasit","status":"publish","type":"post","link":"https:\/\/zjarr.tv\/sq\/lajmi-fundit-rrezohet-nje-avion-ne-pisten-e-rinasit\/","title":{"rendered":"Lajmi fundit\/ Rr\u00ebzohet nj\u00eb avion n\u00eb pist\u00ebn e Rinasit"},"content":{"rendered":"<p>Nj\u00eb avion \u00ebsht\u00eb rr\u00ebzuar n\u00eb Pist\u00ebn e Rinasit.P\u00ebr rrjedhoj\u00eb, ka mbi tre or\u00eb q\u00eb jan\u00eb nd\u00ebrprer\u00eb fluturimet n\u00eb aeroport.<\/p>\n<p>Avioni \u00ebsht\u00eb i kompanis\u00eb Suis Air Kompani, q\u00eb transporton post\u00ebn.Nga incidenti nuk ka persona t\u00eb l\u00ebnduar.<\/p>\n","protected":false},"excerpt":{"rendered":"<p>Nj\u00eb avion \u00ebsht\u00eb rr\u00ebzuar n\u00eb Pist\u00ebn e Rinasit.P\u00ebr rrjedhoj\u00eb, ka mbi tre or\u00eb q\u00eb jan\u00eb nd\u00ebrprer\u00eb fluturimet n\u00eb aeroport. Avioni \u00ebsht\u00eb i kompanis\u00eb Suis Air Kompani, q\u00eb transporton post\u00ebn.Nga incidenti nuk ka persona t\u00eb l\u00ebnduar.<\/p>\n","protected":false},"author":2031,"featured_media":148453,"comment_status":"closed","ping_status":"closed","sticky":false,"template":"","format":"standard","meta":{"footnotes":""},"categories":[231],"tags":[],"class_list":{"0":"post-205571","1":"post","2":"type-post","3":"status-publish","4":"format-standard","5":"has-post-thumbnail","7":"category-lajme"},"_links":{"self":[{"href":"https:\/\/zjarr.tv\/sq\/wp-json\/wp\/v2\/posts\/205571","targetHints":{"allow":["GET"]}}],"collection":[{"href":"https:\/\/zjarr.tv\/sq\/wp-json\/wp\/v2\/posts"}],"about":[{"href":"https:\/\/zjarr.tv\/sq\/wp-json\/wp\/v2\/types\/post"}],"author":[{"embeddable":true,"href":"https:\/\/zjarr.tv\/sq\/wp-json\/wp\/v2\/users\/2031"}],"replies":[{"embeddable":true,"href":"https:\/\/zjarr.tv\/sq\/wp-json\/wp\/v2\/comments?post=205571"}],"version-history":[{"count":0,"href":"https:\/\/zjarr.tv\/sq\/wp-json\/wp\/v2\/posts\/205571\/revisions"}],"wp:featuredmedia":[{"embeddable":true,"href":"https:\/\/zjarr.tv\/sq\/wp-json\/wp\/v2\/media\/148453"}],"wp:attachment":[{"href":"https:\/\/zjarr.tv\/sq\/wp-json\/wp\/v2\/media?parent=205571"}],"wp:term":[{"taxonomy":"category","embeddable":true,"href":"https:\/\/zjarr.tv\/sq\/wp-json\/wp\/v2\/categories?post=205571"},{"taxonomy":"post_tag","embeddable":true,"href":"https:\/\/zjarr.tv\/sq\/wp-json\/wp\/v2\/tags?post=205571"}],"curies":[{"name":"wp","href":"https:\/\/api.w.org\/{rel}","templated":true}]}}