{"id":205575,"date":"2021-09-28T19:07:00","date_gmt":"2021-09-28T17:07:00","guid":{"rendered":"https:\/\/zjarr.tv\/?p=205575"},"modified":"2021-09-28T19:07:00","modified_gmt":"2021-09-28T17:07:00","slug":"amerika-e-ben-te-qarte-marrim-pjese-ne-takimin-e-neserm-kosove-serbi","status":"publish","type":"post","link":"https:\/\/zjarr.tv\/sq\/amerika-e-ben-te-qarte-marrim-pjese-ne-takimin-e-neserm-kosove-serbi\/","title":{"rendered":"Amerika e b\u00ebn t\u00eb qart\u00eb: Marrim pjes\u00eb n\u00eb takimin e nes\u00ebrm Kosov\u00eb-Serbi"},"content":{"rendered":"<p>Pas situat\u00ebs s\u00eb tensionuar n\u00eb veri t\u00eb vendit dhe vendimit q\u00eb mori Qeveria e Kosov\u00ebs nes\u00ebr pritet q\u00eb shum\u00eb gj\u00ebra t\u00eb sqarohen n\u00eb Bruksel, apo njohur ndryshe si vendi i dialogut p\u00ebr t\u00eb dy shtetet, Kosov\u00ebn dhe Serbin\u00eb.<\/p>\n<p>Delegacioni i Kosov\u00ebs i udh\u00ebhequr nga z\u00ebvend\u00ebskryeministri, Besnik Bislimi nes\u00ebr do t\u00eb takohen n\u00eb Bruksel me pal\u00ebn serbe p\u00ebr t\u00eb diskutuar lidhur me vendosjen e reciprocitetit p\u00ebr targat provuese si dhe tensionimin e situat\u00ebs n\u00eb veri pas protestimit t\u00eb serb\u00ebve dhe vendosjes s\u00eb barrikadave t\u00eb shumta n\u00eb rrug\u00ebt q\u00eb qojn\u00eb drejt pikave kufitare.<\/p>\n<p>Ambasada e Shteteve t\u00eb Bashkuara t\u00eb Amerik\u00ebs n\u00eb Kosov\u00eb ka konfirmuar edhe pjes\u00ebmarrja e SHBA-s\u00eb n\u00eb k\u00ebt\u00eb zhvillim t\u00eb dialogut.<\/p>\n<p>T\u00eb nj\u00ebjtit kan\u00eb b\u00ebr\u00eb t\u00eb ditur se \u00ebsht\u00eb Zv\/ndihm\u00ebs Sekretari i Departamentit t\u00eb Shtetit p\u00ebr \u00c7\u00ebshtjet Evropiane dhe Euroaziatike, Gabriel Escobar do t\u00eb udh\u00ebtoj\u00eb n\u00eb Bruksel k\u00ebt\u00eb jav\u00eb p\u00ebr t\u00eb marr\u00eb pjes\u00eb n\u00eb k\u00ebto diskutime q\u00eb do t\u00eb b\u00ebhen n\u00eb mes Kosov\u00ebs dhe Serbis\u00eb.<\/p>\n<p>\u201cNe mb\u00ebshtesim propozimin e BE-s\u00eb p\u00ebr t\u00eb organizuar diskutime k\u00ebt\u00eb jav\u00eb, mbi k\u00ebt\u00eb \u00e7\u00ebshtje dhe t\u00eb tjera. Inkurajojm\u00eb Kosov\u00ebn dhe Serbin\u00eb q\u00eb t\u00eb riangazhohen n\u00eb m\u00ebnyr\u00eb t\u00eb hapur, serioze dhe t\u00eb menj\u00ebhershme. Z\u00ebvend\u00ebs Ndihm\u00ebs Sekretari i Departamentit t\u00eb Shtetit p\u00ebr \u00c7\u00ebshtjet Evropiane dhe Euroaziatike, Gabriel Escobar do t\u00eb udh\u00ebtoj\u00eb n\u00eb Bruksel k\u00ebt\u00eb jav\u00eb q\u00eb t\u00eb marr\u00eb pjes\u00eb n\u00eb k\u00ebto bisedime\u201d, thuhet n\u00eb p\u00ebrgjigjen e ambasad\u00ebs.<\/p>\n<p>N\u00eb konfirmimin e ambasad\u00ebs p\u00ebr pjes\u00ebmarrjen e ShBA-s\u00eb n\u00eb dialogun Prishtin\u00eb-Beograd, gjithashtu u theksua se ShBA-t\u00eb vazhdojn\u00eb t\u00eb mb\u00ebshtesin bashk\u00ebpunimin m\u00eb t\u00eb ngusht\u00eb rajonal p\u00ebr t\u00eb eliminuar barrierat p\u00ebr l\u00ebvizjen e lir\u00eb, tregtin\u00eb dhe investimet n\u00eb dobi t\u00eb t\u00eb gjith\u00eb qytetar\u00ebve n\u00eb Ballkanin Per\u00ebndimor.<\/p>\n<p>Kurse lidhur me situat\u00ebn e krijuar n\u00eb veri t\u00eb vendit \u00ebsht\u00eb th\u00ebn\u00eb se Shtetet e Bashkuara t\u00eb Amerik\u00ebs po punojn\u00eb bashk\u00eb me Bashkimin Evropian dhe Qeverin\u00eb e Kosov\u00ebs dhe at\u00eb t\u00eb Serbis\u00eb n\u00eb hapa t\u00eb menj\u00ebhersh\u00ebm p\u00ebr t\u00eb shmangur veprimet q\u00eb rrisin tensionet, rrezikojn\u00eb p\u00ebrparimin n\u00eb kuad\u00ebr t\u00eb dialogut t\u00eb leht\u00ebsuar nga BE-ja dhe q\u00eb mund t\u00eb ndikojn\u00eb negativisht n\u00eb jet\u00ebn e p\u00ebrditshme t\u00eb qytetar\u00ebve n\u00eb Kosov\u00eb.<\/p>\n<p>Vazhdimi i takimeve n\u00eb kuad\u00ebr t\u00eb dialogut \u00ebsht\u00eb konfirmuar nga z\u00ebdh\u00ebn\u00ebsi i Komisionit Evropian, Peter Stano i cili ka deklaruar se mb\u00ebshtesin Kosov\u00ebn dhe Serbin\u00eb dhe se jan\u00eb p\u00ebr gjetjen e nj\u00eb zgjidhje p\u00ebr targat.<\/p>\n<p>Q\u00eb nga data 20 shtator, Qeveria e Kosov\u00ebs sakt\u00ebsisht Ministria e Pun\u00ebve t\u00eb Brendshme mori vendim q\u00eb t\u00eb vendoset reciprocitet ndaj shtetit serb, ku t\u00eb gjitha automjetet t\u00eb cilat duan t\u00eb hyjn\u00eb n\u00eb territorin e vendit ton\u00eb duhet t\u00eb posedojn\u00eb targat e p\u00ebrkohshme n\u00eb t\u00eb kund\u00ebrt\u00ebn hyrja e tyre do t\u00eb pamund\u00ebsohet.<br \/>\nPor kund\u00ebr k\u00ebtij vendimi vazhdojn\u00eb t\u00eb jen\u00eb shum\u00eb serb\u00eb q\u00eb p\u00ebr n\u00ebnt\u00eb dit\u00eb rresht kan\u00eb vazhduar t\u00eb protestojn\u00eb n\u00eb pikat kufitare n\u00eb Jarinje dhe B\u00ebrnjak.<\/p>\n<p>P\u00ebrpos k\u00ebng\u00ebve nacionaliste dhe provokimeve q\u00eb b\u00ebheshin n\u00eb drejtim t\u00eb Nj\u00ebsive t\u00eb Specializuara t\u00eb Kosov\u00ebs, ata kan\u00eb vendosur edhe kamion\u00eb t\u00eb ndrysh\u00ebm n\u00eb form\u00eb barrikadash q\u00eb t\u00eb pamund\u00ebsohet l\u00ebvizja n\u00eb k\u00ebto pika administrative t\u00eb kufijve.<\/p>\n","protected":false},"excerpt":{"rendered":"<p>Pas situat\u00ebs s\u00eb tensionuar n\u00eb veri t\u00eb vendit dhe vendimit q\u00eb mori Qeveria e Kosov\u00ebs nes\u00ebr pritet q\u00eb shum\u00eb gj\u00ebra t\u00eb sqarohen n\u00eb Bruksel, apo njohur ndryshe si vendi i dialogut p\u00ebr t\u00eb dy shtetet, Kosov\u00ebn dhe Serbin\u00eb. Delegacioni i Kosov\u00ebs i udh\u00ebhequr nga z\u00ebvend\u00ebskryeministri, Besnik Bislimi nes\u00ebr do t\u00eb takohen n\u00eb Bruksel me pal\u00ebn [&hellip;]<\/p>\n","protected":false},"author":2031,"featured_media":0,"comment_status":"closed","ping_status":"closed","sticky":false,"template":"","format":"standard","meta":{"footnotes":""},"categories":[231],"tags":[],"class_list":{"0":"post-205575","1":"post","2":"type-post","3":"status-publish","4":"format-standard","6":"category-lajme"},"_links":{"self":[{"href":"https:\/\/zjarr.tv\/sq\/wp-json\/wp\/v2\/posts\/205575","targetHints":{"allow":["GET"]}}],"collection":[{"href":"https:\/\/zjarr.tv\/sq\/wp-json\/wp\/v2\/posts"}],"about":[{"href":"https:\/\/zjarr.tv\/sq\/wp-json\/wp\/v2\/types\/post"}],"author":[{"embeddable":true,"href":"https:\/\/zjarr.tv\/sq\/wp-json\/wp\/v2\/users\/2031"}],"replies":[{"embeddable":true,"href":"https:\/\/zjarr.tv\/sq\/wp-json\/wp\/v2\/comments?post=205575"}],"version-history":[{"count":0,"href":"https:\/\/zjarr.tv\/sq\/wp-json\/wp\/v2\/posts\/205575\/revisions"}],"wp:attachment":[{"href":"https:\/\/zjarr.tv\/sq\/wp-json\/wp\/v2\/media?parent=205575"}],"wp:term":[{"taxonomy":"category","embeddable":true,"href":"https:\/\/zjarr.tv\/sq\/wp-json\/wp\/v2\/categories?post=205575"},{"taxonomy":"post_tag","embeddable":true,"href":"https:\/\/zjarr.tv\/sq\/wp-json\/wp\/v2\/tags?post=205575"}],"curies":[{"name":"wp","href":"https:\/\/api.w.org\/{rel}","templated":true}]}}