{"id":206123,"date":"2021-09-30T18:20:29","date_gmt":"2021-09-30T16:20:29","guid":{"rendered":"https:\/\/zjarr.tv\/?p=206123"},"modified":"2021-09-30T18:20:29","modified_gmt":"2021-09-30T16:20:29","slug":"luigi-soreca-pret-ne-zyre-ulsi-manjen-zbulohen-detaje-nga-takimi","status":"publish","type":"post","link":"https:\/\/zjarr.tv\/sq\/luigi-soreca-pret-ne-zyre-ulsi-manjen-zbulohen-detaje-nga-takimi\/","title":{"rendered":"Luigi Soreca pret n\u00eb zyr\u00eb Ulsi Manj\u00ebn, zbulohen detaje nga takimi"},"content":{"rendered":"<p>Ambasadori i BE-s\u00eb n\u00eb vendin ton\u00eb, Luigi Soreca ka pritur n\u00eb nj\u00eb takim dit\u00ebn e sotme ministrin e ri t\u00eb Drejt\u00ebsis\u00eb, Ulsi Manjan, ku nj\u00eb nga temat e diskutuara ka qen\u00eb reforma n\u00eb drejt\u00ebsi.<\/p>\n<p>N\u00eb nj\u00eb mesazh n\u00eb T\u00ebitter, Soreca thot\u00eb se reforma n\u00eb drejt\u00ebsi tashm\u00eb duhet t\u00eb konsolidohet. Ai shton se efikasiteti i gjykatave dhe pavar\u00ebsia e magjistrat\u00ebve jan\u00eb q\u00ebllimet kryesore t\u00eb reform\u00ebs.<\/p>\n<p>\u201cSot takova ministrin e sapoem\u00ebruar t\u00eb Drejt\u00ebsis\u00eb, Ulsi Manja. Reforma e Drejt\u00ebsis\u00eb tani duhet t\u00eb konsolidohet, dhe efikasiteti i gjykatave dhe pavar\u00ebsia e magjistrat\u00ebve jan\u00eb q\u00ebllimet kryesore. Ne diskutuam rolin e institucioneve t\u00eb verifikimit dhe t\u00eb Shkoll\u00ebs s\u00eb Magjistratur\u00ebs, si dhe puna e vazhdueshme n\u00eb hart\u00ebn gjyq\u00ebsore. Reforma e sistemit t\u00eb drejt\u00ebsis\u00eb vazhdon me mb\u00ebshtetjen e BE-se\u201d, shkruan Soreca.<\/p>\n","protected":false},"excerpt":{"rendered":"<p>Ambasadori i BE-s\u00eb n\u00eb vendin ton\u00eb, Luigi Soreca ka pritur n\u00eb nj\u00eb takim dit\u00ebn e sotme ministrin e ri t\u00eb Drejt\u00ebsis\u00eb, Ulsi Manjan, ku nj\u00eb nga temat e diskutuara ka qen\u00eb reforma n\u00eb drejt\u00ebsi. N\u00eb nj\u00eb mesazh n\u00eb T\u00ebitter, Soreca thot\u00eb se reforma n\u00eb drejt\u00ebsi tashm\u00eb duhet t\u00eb konsolidohet. Ai shton se efikasiteti i gjykatave [&hellip;]<\/p>\n","protected":false},"author":2031,"featured_media":206124,"comment_status":"closed","ping_status":"closed","sticky":false,"template":"","format":"standard","meta":{"footnotes":""},"categories":[231],"tags":[],"class_list":{"0":"post-206123","1":"post","2":"type-post","3":"status-publish","4":"format-standard","5":"has-post-thumbnail","7":"category-lajme"},"_links":{"self":[{"href":"https:\/\/zjarr.tv\/sq\/wp-json\/wp\/v2\/posts\/206123","targetHints":{"allow":["GET"]}}],"collection":[{"href":"https:\/\/zjarr.tv\/sq\/wp-json\/wp\/v2\/posts"}],"about":[{"href":"https:\/\/zjarr.tv\/sq\/wp-json\/wp\/v2\/types\/post"}],"author":[{"embeddable":true,"href":"https:\/\/zjarr.tv\/sq\/wp-json\/wp\/v2\/users\/2031"}],"replies":[{"embeddable":true,"href":"https:\/\/zjarr.tv\/sq\/wp-json\/wp\/v2\/comments?post=206123"}],"version-history":[{"count":0,"href":"https:\/\/zjarr.tv\/sq\/wp-json\/wp\/v2\/posts\/206123\/revisions"}],"wp:featuredmedia":[{"embeddable":true,"href":"https:\/\/zjarr.tv\/sq\/wp-json\/wp\/v2\/media\/206124"}],"wp:attachment":[{"href":"https:\/\/zjarr.tv\/sq\/wp-json\/wp\/v2\/media?parent=206123"}],"wp:term":[{"taxonomy":"category","embeddable":true,"href":"https:\/\/zjarr.tv\/sq\/wp-json\/wp\/v2\/categories?post=206123"},{"taxonomy":"post_tag","embeddable":true,"href":"https:\/\/zjarr.tv\/sq\/wp-json\/wp\/v2\/tags?post=206123"}],"curies":[{"name":"wp","href":"https:\/\/api.w.org\/{rel}","templated":true}]}}