{"id":206592,"date":"2021-10-02T11:36:36","date_gmt":"2021-10-02T09:36:36","guid":{"rendered":"https:\/\/zjarr.tv\/?p=206592"},"modified":"2021-10-02T11:36:36","modified_gmt":"2021-10-02T09:36:36","slug":"foltorja-e-berishes-ne-shkoder-julian-deda-turp-per-ata-qe-jane-mbeshtetur-nga-pd-nuk-ishin-aty-preferuat-lepirjen-kronike-ndaj-udheheqesit-te-humbjeve-vazhdoni-me-sukses-servilizmin-deri-ne-neve","status":"publish","type":"post","link":"https:\/\/zjarr.tv\/sq\/foltorja-e-berishes-ne-shkoder-julian-deda-turp-per-ata-qe-jane-mbeshtetur-nga-pd-nuk-ishin-aty-preferuat-lepirjen-kronike-ndaj-udheheqesit-te-humbjeve-vazhdoni-me-sukses-servilizmin-deri-ne-neve\/","title":{"rendered":"Foltorja e Berish\u00ebs n\u00eb Shkod\u00ebr\/ Julian Deda: Turp p\u00ebr ata q\u00eb jan\u00eb mb\u00ebshtetur nga PD, nuk ishin aty\/ Preferuat l\u00ebpirjen kronike ndaj udh\u00ebheq\u00ebsit t\u00eb humbjeve, vazhdoni me sukses servilizmin deri n\u00eb neveri\u2026"},"content":{"rendered":"<p>Aktori i humorit Julian Deda, me an\u00eb t\u00eb nj\u00eb postimi n\u00eb llogarin\u00eb e tij n\u00eb Facebook, ka reaguar lidhur me \u201cFoltoren\u201d e Berish\u00ebs n\u00eb qytetin e Shkodr\u00ebs, ku p\u00ebrfaq\u00ebsues pilitik q\u00eb jan\u00eb ndihmuar nga strukturat e PD-s\u00eb, nuk ishin t\u00eb pranish\u00ebm.<\/p>\n<p>Sipas aktorit, ky \u00ebsht\u00eb serviliz\u00ebm deri n\u00eb neveri, q\u00eb nuk denjuan as nj\u00eb falenderim, turp p\u00ebr ata q\u00eb preferuan l\u00ebpirjen kronike t\u00eb udh\u00ebheq\u00ebsit t\u00eb humbjeve, shprehet Julian Deda.<\/p>\n<p>Reagimi i Julian Ded\u00ebs:<\/p>\n<p>\u201c<em>Foltorja e Shkodres, ishte absolutisht fantastike, sic eshte shpirti i atij qyteti, i lire dhe i bukur. Kjo, per merite te demokrateve dinjitoz dhe qendrestare te atij qyteti te pathyeshem historikisht.<\/em><\/p>\n<p><em>Nga ana tjeter, turp i madh per ata perfaqesues politik, te zgjedhur dhe jo vetem, te cilet jane ndihmuar nga strukturat e PD-se dhe jane votuar nga demokratet dhe qytetaret e Shkodres, te cilet sot as nuk denjuan te ishin aty, qofte edhe ne shenje falenderimi ndaj tyre, por zgjodhen te vazhdojne lepirjen kronike ndaj udheheqesit te humbjeve! Vazhdoni me sukses servilizmin deri ne neveri<\/em>\u201d.<\/p>\n","protected":false},"excerpt":{"rendered":"<p>Aktori i humorit Julian Deda, me an\u00eb t\u00eb nj\u00eb postimi n\u00eb llogarin\u00eb e tij n\u00eb Facebook, ka reaguar lidhur me \u201cFoltoren\u201d e Berish\u00ebs n\u00eb qytetin e Shkodr\u00ebs, ku p\u00ebrfaq\u00ebsues pilitik q\u00eb jan\u00eb ndihmuar nga strukturat e PD-s\u00eb, nuk ishin t\u00eb pranish\u00ebm. Sipas aktorit, ky \u00ebsht\u00eb serviliz\u00ebm deri n\u00eb neveri, q\u00eb nuk denjuan as nj\u00eb falenderim, [&hellip;]<\/p>\n","protected":false},"author":2016,"featured_media":203508,"comment_status":"closed","ping_status":"closed","sticky":false,"template":"","format":"standard","meta":{"footnotes":""},"categories":[241,3366,1454],"tags":[5329],"class_list":{"0":"post-206592","1":"post","2":"type-post","3":"status-publish","4":"format-standard","5":"has-post-thumbnail","7":"category-aktualitet","8":"category-koment","9":"category-politike","10":"tag-lajme-zjarr-foltorja-e-berishes-ne-shkoder-zjarr-tv"},"_links":{"self":[{"href":"https:\/\/zjarr.tv\/sq\/wp-json\/wp\/v2\/posts\/206592","targetHints":{"allow":["GET"]}}],"collection":[{"href":"https:\/\/zjarr.tv\/sq\/wp-json\/wp\/v2\/posts"}],"about":[{"href":"https:\/\/zjarr.tv\/sq\/wp-json\/wp\/v2\/types\/post"}],"author":[{"embeddable":true,"href":"https:\/\/zjarr.tv\/sq\/wp-json\/wp\/v2\/users\/2016"}],"replies":[{"embeddable":true,"href":"https:\/\/zjarr.tv\/sq\/wp-json\/wp\/v2\/comments?post=206592"}],"version-history":[{"count":0,"href":"https:\/\/zjarr.tv\/sq\/wp-json\/wp\/v2\/posts\/206592\/revisions"}],"wp:featuredmedia":[{"embeddable":true,"href":"https:\/\/zjarr.tv\/sq\/wp-json\/wp\/v2\/media\/203508"}],"wp:attachment":[{"href":"https:\/\/zjarr.tv\/sq\/wp-json\/wp\/v2\/media?parent=206592"}],"wp:term":[{"taxonomy":"category","embeddable":true,"href":"https:\/\/zjarr.tv\/sq\/wp-json\/wp\/v2\/categories?post=206592"},{"taxonomy":"post_tag","embeddable":true,"href":"https:\/\/zjarr.tv\/sq\/wp-json\/wp\/v2\/tags?post=206592"}],"curies":[{"name":"wp","href":"https:\/\/api.w.org\/{rel}","templated":true}]}}