{"id":206765,"date":"2021-10-02T22:22:55","date_gmt":"2021-10-02T20:22:55","guid":{"rendered":"https:\/\/zjarr.tv\/?p=206765"},"modified":"2021-10-03T07:01:22","modified_gmt":"2021-10-03T05:01:22","slug":"fondet-e-be-se-shqiperia-mbetet-jashte-perfitojne-serbia-dhe-maqedonia-e-veriut","status":"publish","type":"post","link":"https:\/\/zjarr.tv\/sq\/fondet-e-be-se-shqiperia-mbetet-jashte-perfitojne-serbia-dhe-maqedonia-e-veriut\/","title":{"rendered":"Fondet e BE-s\u00eb, Shqip\u00ebria mbetet jasht\u00eb, p\u00ebrfitojn\u00eb Serbia dhe Maqedonia e Veriut"},"content":{"rendered":"<p class=\"p1\"><span class=\"s3\">Gjat\u00eb vizit\u00ebs n\u00eb Ballkanin Per\u00ebndimor, Presidentja e Komisionit Evropian Ursula von der Leyen mori pjes\u00eb n\u00eb ceremonin\u00eb e fillimit t\u00eb punimeve p\u00ebr modernizimin dhe rehabilitimin e hekurudh\u00ebs n\u00eb kuad\u00ebr t\u00eb projektit Koridori I X. Por nga ky investim strategjik p\u00ebrfitojn\u00eb 5 vende, nd\u00ebrsa ajo q\u00eb vihet re \u00ebsht\u00eb se Shqip\u00ebria dhe Kosova, dy vende t\u00eb Ballkanit Per\u00ebndimor nuk p\u00ebrfitojn\u00eb.<\/span><span class=\"s2\">\u00a0<\/span><\/p>\n<p class=\"p3\"><span class=\"s2\">Presidentja e Komisionit Evropian Ursula von der Leyen gjat\u00eb vizit\u00ebs s\u00eb saj n\u00eb vendet e Ballkanit Per\u00ebndimor, p\u00ebrve\u00e7\u00a0p\u00ebrcjelljes s\u00eb mesazheve politike,\u00a0mori pjes\u00eb n\u00eb ceremonin\u00eb q\u00eb sh\u00ebnonte fillimin e punimeve p\u00ebr modernizimin dhe rehabilitimin e hekurudh\u00ebs n\u00eb kuad\u00ebr t\u00eb projektit Korridori i\u00a0X. Kjo ceremoni u zhvillua n\u00eb\u00a0Nish, n\u00eb\u00a0qytetin e dyt\u00eb\u00a0m\u00eb\u00a0t\u00eb\u00a0madh t\u00eb Serbis\u00eb.<\/span><\/p>\n<p class=\"p3\"><span class=\"s2\">Vet\u00eb Komisioni Europian ka konfirmuar se nga ky investim strategjik, p\u00ebrfitojn\u00eb Serbia, Kroacia, Hungaria, Bullgaria dhe Maqedonia e Veriut teksa njoftimin e ilustron me nj\u00eb\u00a0foto t\u00eb\u00a0Presidentes s\u00eb\u00a0Komisionit Ursula Vond der Leyen me Presidentin e Serbis\u00eb,\u00a0Aleksandar\u00a0Vu\u00e7i\u00e7.\u00a0<\/span><\/p>\n<p class=\"p3\"><span class=\"s2\">Ajo q\u00eb vihet re \u00ebsht\u00eb se Shqip\u00ebria dhe Kosova, dy vende t\u00eb Ballkanit Per\u00ebndimor, nuk p\u00ebrfitojn\u00eb nga ky plan\u00a0&#8211; ekonomik i\u00a0Bashkimit Europian.<\/span><\/p>\n<p class=\"p3\"><span class=\"s2\">Plani Ekonomik dhe i Investimeve i BE-s\u00eb parashikon deri n\u00eb 28 miliard\u00eb euro investime, n\u00eb grante, hua dhe garanci, p\u00ebr t\u00eb ndihmuar Ballkanin Per\u00ebndimor per rim\u00ebk\u00ebmbjen pas COVID-19 dhe p\u00ebr konvergjenc\u00ebn e tyre me BE.<\/span><\/p>\n<p class=\"p3\"><span class=\"s2\">Si\u00e7\u00a0deklaroi pak muaj m\u00eb\u00a0par\u00eb\u00a0Komisioneri p\u00ebr Zgjerimin, Oliver Varhelyi, ky plan nxit integrimin dhe bashk\u00ebpunimin rajonal. Udh\u00ebheq\u00ebsit e Ballkanit Per\u00ebndimor ran\u00eb dakord t\u00eb \u00e7ojn\u00eb p\u00ebrpara Tregun e P\u00ebrbashk\u00ebt Rajonal gjat\u00eb\u00a0Samitit te Procesit t\u00eb Berlinit q\u00eb\u00a0u zhvillua n\u00eb Sofje vitin e kaluar.<\/span><\/p>\n<p class=\"p3\"><span class=\"s2\">Por iniciativa paralele e Open Balkan, pjes\u00eb\u00a0e t\u00eb\u00a0cil\u00ebs jan\u00eb\u00a0vet\u00ebm\u00a0Shqip\u00ebria, Kosova dhe Maqedonia e Veriut,\u00a0ka ndar\u00eb\u00a0m\u00eb\u00a0dysh vendet e Ballkanit Per\u00ebndimor, me Kosov\u00ebn, Malin e Zi dhe Bosnje Hercegovin\u00ebn,\u00a0q\u00eb\u00a0kane refuzuar publikisht t&#8217;i bashkohen k\u00ebsaj nisme.\u00a0<\/span><\/p>\n<p class=\"p3\"><span class=\"s2\">N\u00eb nj\u00eb koh\u00eb q\u00eb kryeministri Edi Rama prej koh\u00ebsh ka v\u00ebn\u00eb n\u00eb sh\u00ebnjest\u00ebr t\u00eb sulmeve t\u00eb tij Bashkimin Europian, Shqip\u00ebria aktualisht ka mbetur jasht\u00eb hart\u00ebs s\u00eb investimeve strategjike me fondet e Brukselit zyrtar.<\/span><\/p>\n","protected":false},"excerpt":{"rendered":"<p>Gjat\u00eb vizit\u00ebs n\u00eb Ballkanin Per\u00ebndimor, Presidentja e Komisionit Evropian Ursula von der Leyen mori pjes\u00eb n\u00eb ceremonin\u00eb e fillimit t\u00eb punimeve p\u00ebr modernizimin dhe rehabilitimin e hekurudh\u00ebs n\u00eb kuad\u00ebr t\u00eb projektit Koridori I X. Por nga ky investim strategjik p\u00ebrfitojn\u00eb 5 vende, nd\u00ebrsa ajo q\u00eb vihet re \u00ebsht\u00eb se Shqip\u00ebria dhe Kosova, dy vende t\u00eb [&hellip;]<\/p>\n","protected":false},"author":2030,"featured_media":195673,"comment_status":"closed","ping_status":"closed","sticky":false,"template":"","format":"standard","meta":{"footnotes":""},"categories":[241,231,1454],"tags":[],"class_list":{"0":"post-206765","1":"post","2":"type-post","3":"status-publish","4":"format-standard","5":"has-post-thumbnail","7":"category-aktualitet","8":"category-lajme","9":"category-politike"},"_links":{"self":[{"href":"https:\/\/zjarr.tv\/sq\/wp-json\/wp\/v2\/posts\/206765","targetHints":{"allow":["GET"]}}],"collection":[{"href":"https:\/\/zjarr.tv\/sq\/wp-json\/wp\/v2\/posts"}],"about":[{"href":"https:\/\/zjarr.tv\/sq\/wp-json\/wp\/v2\/types\/post"}],"author":[{"embeddable":true,"href":"https:\/\/zjarr.tv\/sq\/wp-json\/wp\/v2\/users\/2030"}],"replies":[{"embeddable":true,"href":"https:\/\/zjarr.tv\/sq\/wp-json\/wp\/v2\/comments?post=206765"}],"version-history":[{"count":0,"href":"https:\/\/zjarr.tv\/sq\/wp-json\/wp\/v2\/posts\/206765\/revisions"}],"wp:featuredmedia":[{"embeddable":true,"href":"https:\/\/zjarr.tv\/sq\/wp-json\/wp\/v2\/media\/195673"}],"wp:attachment":[{"href":"https:\/\/zjarr.tv\/sq\/wp-json\/wp\/v2\/media?parent=206765"}],"wp:term":[{"taxonomy":"category","embeddable":true,"href":"https:\/\/zjarr.tv\/sq\/wp-json\/wp\/v2\/categories?post=206765"},{"taxonomy":"post_tag","embeddable":true,"href":"https:\/\/zjarr.tv\/sq\/wp-json\/wp\/v2\/tags?post=206765"}],"curies":[{"name":"wp","href":"https:\/\/api.w.org\/{rel}","templated":true}]}}